{"id":10,"date":"2007-11-05T22:51:23","date_gmt":"2007-11-05T20:51:23","guid":{"rendered":"http:\/\/www.vonklopp.se\/wordpress\/?p=10"},"modified":"2021-02-15T10:37:49","modified_gmt":"2021-02-15T08:37:49","slug":"hostvandring","status":"publish","type":"post","link":"https:\/\/www.vonklopp.se\/wordpress\/?p=10","title":{"rendered":"H\u00f6stvandring del 1: Vakkotavare &#8211; Teusajaure"},"content":{"rendered":"<p><img loading=\"lazy\" decoding=\"async\" src=\"http:\/\/www.vonklopp.se\/images\/teusa_tn.jpg\" width=\"470\" height=\"313\" align=\"middle\" \/><\/p>\n<p>I september genomf\u00f6rde jag \u00e5rets sista fj\u00e4llvandring.<\/p>\n<p>Jag gick den klassiska turen l\u00e4ngs Kungsleden fr\u00e5n Vakkotavare till Abisko. Str\u00e4ckan brukar lite f\u00f6raktfullt kallas f\u00f6r motorv\u00e4g av m\u00e5nga sk fj\u00e4llr\u00e4var, men den har sina kvaliteter.<\/p>\n<p>M\u00e5nga v\u00e4ljer att p\u00e5b\u00f6rja eller avsluta sin tur i Nikkaluokta i st\u00e4llet f\u00f6r Vakkotavare. Man missar d\u00e5 vad jag personligen tycker \u00e4r den vackraste delen av leden, n\u00e4mligen str\u00e4ckan mellan Teusajaure och Singistugorna.<\/p>\n<p>F\u00e4rre vandrare g\u00f6r i och f\u00f6r sig att det blir lite mindre tr\u00e4ngsel i stugorna, och Teusajaure en utm\u00e4rkt plats att varva ner p\u00e5.<\/p>\n<p>Views: 5<\/p>","protected":false},"excerpt":{"rendered":"<p>I september genomf\u00f6rde jag \u00e5rets sista fj\u00e4llvandring. Jag gick den klassiska turen l\u00e4ngs Kungsleden fr\u00e5n Vakkotavare till Abisko. Str\u00e4ckan brukar lite f\u00f6raktfullt kallas f\u00f6r motorv\u00e4g av m\u00e5nga sk fj\u00e4llr\u00e4var, men den har sina kvaliteter. M\u00e5nga v\u00e4ljer att p\u00e5b\u00f6rja eller avsluta sin tur i Nikkaluokta i st\u00e4llet f\u00f6r Vakkotavare. Man missar &hellip;<\/p>\n<div class=\"wrap-excerpt-more\"><a class=\"excerpt-more\" href=\"https:\/\/www.vonklopp.se\/wordpress\/?p=10\">Read more<\/a><\/div>\n","protected":false},"author":1,"featured_media":0,"comment_status":"open","ping_status":"open","sticky":false,"template":"","format":"standard","meta":{"_monsterinsights_skip_tracking":false,"_monsterinsights_sitenote_active":false,"_monsterinsights_sitenote_note":"","_monsterinsights_sitenote_category":0,"_s2mail":"yes","footnotes":""},"categories":[3],"tags":[7,9,8],"class_list":["post-10","post","type-post","status-publish","format-standard","hentry","category-landskap","tag-fjall","tag-kungsleden","tag-vandring","post--no-featured-image"],"aioseo_notices":[],"_links":{"self":[{"href":"https:\/\/www.vonklopp.se\/wordpress\/index.php?rest_route=\/wp\/v2\/posts\/10","targetHints":{"allow":["GET"]}}],"collection":[{"href":"https:\/\/www.vonklopp.se\/wordpress\/index.php?rest_route=\/wp\/v2\/posts"}],"about":[{"href":"https:\/\/www.vonklopp.se\/wordpress\/index.php?rest_route=\/wp\/v2\/types\/post"}],"author":[{"embeddable":true,"href":"https:\/\/www.vonklopp.se\/wordpress\/index.php?rest_route=\/wp\/v2\/users\/1"}],"replies":[{"embeddable":true,"href":"https:\/\/www.vonklopp.se\/wordpress\/index.php?rest_route=%2Fwp%2Fv2%2Fcomments&post=10"}],"version-history":[{"count":2,"href":"https:\/\/www.vonklopp.se\/wordpress\/index.php?rest_route=\/wp\/v2\/posts\/10\/revisions"}],"predecessor-version":[{"id":6992,"href":"https:\/\/www.vonklopp.se\/wordpress\/index.php?rest_route=\/wp\/v2\/posts\/10\/revisions\/6992"}],"wp:attachment":[{"href":"https:\/\/www.vonklopp.se\/wordpress\/index.php?rest_route=%2Fwp%2Fv2%2Fmedia&parent=10"}],"wp:term":[{"taxonomy":"category","embeddable":true,"href":"https:\/\/www.vonklopp.se\/wordpress\/index.php?rest_route=%2Fwp%2Fv2%2Fcategories&post=10"},{"taxonomy":"post_tag","embeddable":true,"href":"https:\/\/www.vonklopp.se\/wordpress\/index.php?rest_route=%2Fwp%2Fv2%2Ftags&post=10"}],"curies":[{"name":"wp","href":"https:\/\/api.w.org\/{rel}","templated":true}]}}