{"id":1032,"date":"2009-06-15T20:36:42","date_gmt":"2009-06-15T18:36:42","guid":{"rendered":"http:\/\/www.vonklopp.se\/wordpress\/?p=1032"},"modified":"2009-06-15T20:36:42","modified_gmt":"2009-06-15T18:36:42","slug":"ritsem-nallo-vakkotavare-2008-del-3-madir-vakkotavare","status":"publish","type":"post","link":"https:\/\/www.vonklopp.se\/wordpress\/?p=1032","title":{"rendered":"Ritsem &#8211; Nallo &#8211; Vakkotavare 2008. Del 3:  M\u00e1dir &#8211; Vakkotavare"},"content":{"rendered":"<figure style=\"width: 500px\" class=\"wp-caption alignnone\"><img loading=\"lazy\" decoding=\"async\" title=\"Kungsleden s\u00f6der om Singi\" src=\"http:\/\/www.vonklopp.se\/images\/ritsem\/ritsem-55.jpg\" alt=\"\" width=\"500\" height=\"333\" \/><figcaption class=\"wp-caption-text\">Kungsleden s\u00f6der om Singi<\/figcaption><\/figure>\n<p><em>Tidigare str\u00e4ckor:<\/em><\/p>\n<li><em> <a href=\"http:\/\/www.vonklopp.se\/wordpress\/?p=817\"> Ritsem &#8211; Hukejaure <\/a> <\/em><\/li>\n<li><em><a href=\"http:\/\/www.vonklopp.se\/wordpress\/?p=955\">Hukejaure &#8211; S\u00e4lka<\/a><\/em><\/li>\n<li><em><a href=\"http:\/\/www.vonklopp.se\/wordpress\/?p=974\">S\u00e4lka &#8211; Nallo<\/a><\/em><\/li>\n<li><em><a href=\"http:\/\/www.vonklopp.se\/wordpress\/?p=974\">Nallo &#8211; M\u00e1dir<\/a> <\/em><\/li>\n<p>Under natten har v\u00e4dret skiftat igen. G\u00e5rdagens solsken har blivit moln och regnet h\u00e4nger i luften.\u00a0 N\u00e4r vi efter n\u00e5gon kilometer passerar Singistugorna r\u00e5der d\u00e4r minimal aktivitet. Genom f\u00f6nstren skymtar vandrare som inv\u00e4ntar b\u00e4ttre v\u00e4der.<\/p>\n<p>Fr\u00e5n Singi forts\u00e4tter vi s\u00f6derut mot Kaitumstugorna. I b\u00f6rjan g\u00e5r det upp och ner \u00f6ver sm\u00e5 grus\u00e5sar.  Senare, mellan Stuor Jierta och Stuor Avrrik, blir dalen platt och gr\u00e4sbevuxen.<\/p>\n<figure style=\"width: 500px\" class=\"wp-caption alignnone\"><img loading=\"lazy\" decoding=\"async\" title=\"\u00d6vergiven k\u00e5ta l\u00e4ngs Kungsleden\" src=\"http:\/\/www.vonklopp.se\/images\/ritsem\/ritsem-56.jpg\" alt=\"\u00d6vergiven k\u00e5ta l\u00e4ngs Kungsleden\" width=\"500\" height=\"333\" \/><figcaption class=\"wp-caption-text\"> F\u00f6rfallen k\u00e5ta l\u00e4ngs Kungsleden<\/figcaption><\/figure>\n<p>N\u00e5gon kilometer efter den f\u00f6rfallna k\u00e5tan korsar leden Tj\u00e4ktjajokken (bro) och landskapet \u00e4ndrar karakt\u00e4r. Dalen blir smalare och leden g\u00e5r genom fj\u00e4llbj\u00f6rkskog.<\/p>\n<figure style=\"width: 500px\" class=\"wp-caption alignnone\"><img loading=\"lazy\" decoding=\"async\" title=\"Kaitumjaurestugorna\" src=\"http:\/\/www.vonklopp.se\/images\/ritsem\/ritsem-54.jpg\" alt=\"Kaitumjaurestugorna\" width=\"500\" height=\"333\" \/><figcaption class=\"wp-caption-text\"> Kaitumjaurestugorna<\/figcaption><\/figure>\n<p>Vid Kaitumjaurestugorna g\u00f6r vi ett bes\u00f6k i butiken. D\u00e4r blir vi uppmanade att fylla i en m\u00e4rklig enk\u00e4t.  Tanken verkar vara att vi ska bli uppr\u00f6rda \u00f6ver att folk k\u00f6per l\u00e4sk n\u00e4r de fj\u00e4llvandrar.<\/p>\n<p>Tydligen har debattens v\u00e5gor varit h\u00f6ga i STFs tidning. Renl\u00e4riga fj\u00e4llvandrare, de som genomf\u00f6r fj\u00e4llvandringar med enbart havregryn i s\u00e4cken, har st\u00f6rt sig p\u00e5 att vanligt folk v\u00e5gar sig ut p\u00e5 vandring. N\u00e5gra unnar sig dessutom  en cola eller rentav en l\u00e4tt\u00f6l efter en dags vandring! Dra p\u00e5 trissor!<\/p>\n<p>Att l\u00e4skf\u00f6rs\u00e4ljningen ger v\u00e4lbeh\u00f6vliga inkomster till en fj\u00e4llverksamhet som g\u00e5r med f\u00f6rlust \u00e4r tydligen inte relevant.<\/p>\n<figure style=\"width: 500px\" class=\"wp-caption alignnone\"><img loading=\"lazy\" decoding=\"async\" title=\"Ovanf\u00f6r Teusajaure\" src=\"http:\/\/www.vonklopp.se\/images\/ritsem\/ritsem-53.jpg\" alt=\"Ovanf\u00f6r Teusajaure\" width=\"500\" height=\"333\" \/><figcaption class=\"wp-caption-text\"> Ovanf\u00f6r Teusajaure<\/figcaption><\/figure>\n<p>Fr\u00e5n Kaitumjaure f\u00f6ljer leden Kaitumjokkens dalg\u00e5ng ett par kilometer, innan stigen sv\u00e4nger s\u00f6derut upp mot passet mellan Kaitumjaure och Teusajaurestugorna.<\/p>\n<p>Str\u00e4ckan mellan stugorna \u00e4r kort. Vi hittar en fin gr\u00e4spl\u00e4tt med utsikt \u00f6ver Teusajaure som blir nattl\u00e4ger.<\/p>\n<p>Dagen efter inleds med nedf\u00f6rsbacke den sista kilometern ner till Teusajaurestugan. Stugv\u00e4rden skjutsar oss \u00f6ver sj\u00f6n med motorb\u00e5t.<\/p>\n<figure style=\"width: 500px\" class=\"wp-caption alignnone\"><img loading=\"lazy\" decoding=\"async\" title=\"G\u00e1ppej\u00e5kh\u00e5\" src=\"http:\/\/www.vonklopp.se\/images\/ritsem\/ritsem-52.jpg\" alt=\"G\u00e1ppej\u00e5kh\u00e5\" width=\"500\" height=\"333\" \/><figcaption class=\"wp-caption-text\"> G\u00e1ppej\u00e5kh\u00e5<\/figcaption><\/figure>\n<p>Solen b\u00f6rjar titta fram igen och den sista vandringsdagen blir riktigt behaglig. Str\u00e4ckan mellan Teusajaure och Vakkotavare kan enklast sammanfattas som: Upp\u00e5t i b\u00f6rjan, platt p\u00e5 mitten och sedan utf\u00f6r mot Vakkotavare. Sista biten ner mot Vakkotavare \u00e4r det rej\u00e4lt brant, men man kan gl\u00e4dja sig \u00e5t fin utsikt mot Suorvamagasinet och massiven p\u00e5 sj\u00f6ns s\u00f6dra sida.<\/p>\n<figure style=\"width: 500px\" class=\"wp-caption alignnone\"><img loading=\"lazy\" decoding=\"async\" title=\"Vakkotavare\" src=\"http:\/\/www.vonklopp.se\/images\/ritsem\/ritsem-51.jpg\" alt=\"Vakkotavare\" width=\"500\" height=\"333\" \/><figcaption class=\"wp-caption-text\">Vakkotavare<\/figcaption><\/figure>\n<p>Vakkotavarestugan har hamnat lite p\u00e5 undantag, eftersom den ligger vid bilv\u00e4g med  bussh\u00e5llplats. Annars verkar det riktigt behagligt med strand i anslutning till stugan. Vi packar in oss i bilen och k\u00f6r mot Stora Sj\u00f6fallets fj\u00e4llanl\u00e4ggning.  D\u00e4r vankas dusch och 3-r\u00e4ttersmiddag.<\/p>\n<p>Views: 7<\/p>","protected":false},"excerpt":{"rendered":"<p>Tidigare str\u00e4ckor: Ritsem &#8211; Hukejaure Hukejaure &#8211; S\u00e4lka S\u00e4lka &#8211; Nallo Nallo &#8211; M\u00e1dir Under natten har v\u00e4dret skiftat igen. G\u00e5rdagens solsken har blivit moln och regnet h\u00e4nger i luften.\u00a0 N\u00e4r vi efter n\u00e5gon kilometer passerar Singistugorna r\u00e5der d\u00e4r minimal aktivitet. Genom f\u00f6nstren skymtar vandrare som inv\u00e4ntar b\u00e4ttre v\u00e4der. Fr\u00e5n &hellip;<\/p>\n<div class=\"wrap-excerpt-more\"><a class=\"excerpt-more\" href=\"https:\/\/www.vonklopp.se\/wordpress\/?p=1032\">Read more<\/a><\/div>\n","protected":false},"author":1,"featured_media":0,"comment_status":"open","ping_status":"open","sticky":false,"template":"","format":"standard","meta":{"_monsterinsights_skip_tracking":false,"_monsterinsights_sitenote_active":false,"_monsterinsights_sitenote_note":"","_monsterinsights_sitenote_category":0,"_s2mail":"","footnotes":""},"categories":[3],"tags":[217,7,211,212,215,9,201,216,213,214,210,8],"class_list":["post-1032","post","type-post","status-publish","format-standard","hentry","category-landskap","tag-bilder","tag-fjall","tag-kaitum","tag-kaitumjaure","tag-kaitumstugan","tag-kungsleden","tag-singi","tag-sjofallet","tag-teusajaure","tag-teusastugan","tag-vakkotavare","tag-vandring","post--no-featured-image"],"aioseo_notices":[],"_links":{"self":[{"href":"https:\/\/www.vonklopp.se\/wordpress\/index.php?rest_route=\/wp\/v2\/posts\/1032","targetHints":{"allow":["GET"]}}],"collection":[{"href":"https:\/\/www.vonklopp.se\/wordpress\/index.php?rest_route=\/wp\/v2\/posts"}],"about":[{"href":"https:\/\/www.vonklopp.se\/wordpress\/index.php?rest_route=\/wp\/v2\/types\/post"}],"author":[{"embeddable":true,"href":"https:\/\/www.vonklopp.se\/wordpress\/index.php?rest_route=\/wp\/v2\/users\/1"}],"replies":[{"embeddable":true,"href":"https:\/\/www.vonklopp.se\/wordpress\/index.php?rest_route=%2Fwp%2Fv2%2Fcomments&post=1032"}],"version-history":[{"count":16,"href":"https:\/\/www.vonklopp.se\/wordpress\/index.php?rest_route=\/wp\/v2\/posts\/1032\/revisions"}],"predecessor-version":[{"id":1048,"href":"https:\/\/www.vonklopp.se\/wordpress\/index.php?rest_route=\/wp\/v2\/posts\/1032\/revisions\/1048"}],"wp:attachment":[{"href":"https:\/\/www.vonklopp.se\/wordpress\/index.php?rest_route=%2Fwp%2Fv2%2Fmedia&parent=1032"}],"wp:term":[{"taxonomy":"category","embeddable":true,"href":"https:\/\/www.vonklopp.se\/wordpress\/index.php?rest_route=%2Fwp%2Fv2%2Fcategories&post=1032"},{"taxonomy":"post_tag","embeddable":true,"href":"https:\/\/www.vonklopp.se\/wordpress\/index.php?rest_route=%2Fwp%2Fv2%2Ftags&post=1032"}],"curies":[{"name":"wp","href":"https:\/\/api.w.org\/{rel}","templated":true}]}}