{"id":1221,"date":"2009-09-11T22:31:35","date_gmt":"2009-09-11T20:31:35","guid":{"rendered":"http:\/\/www.vonklopp.se\/wordpress\/?p=1221"},"modified":"2021-02-15T13:13:28","modified_gmt":"2021-02-15T11:13:28","slug":"porten-mot-vast","status":"publish","type":"post","link":"https:\/\/www.vonklopp.se\/wordpress\/?p=1221","title":{"rendered":"Porten mot v\u00e4st"},"content":{"rendered":"<p><img loading=\"lazy\" decoding=\"async\" class=\"alignnone\" title=\"Limhamn\" src=\"http:\/\/www.vonklopp.se\/images\/20091\/limhamn-2.jpg\" alt=\"\" width=\"500\" height=\"333\"><\/p>\n<p>Minns ni brodebatten? Allt hemskt som skulle h\u00e4nda om \u00d6resundsbron byggdes?<\/p>\n<p><img loading=\"lazy\" decoding=\"async\" class=\"alignnone\" title=\"Limhamn\" src=\"http:\/\/www.vonklopp.se\/images\/20091\/limhamn-1.jpg\" alt=\"\" width=\"500\" height=\"333\"><\/p>\n<p>\u00d6stersj\u00f6n skulle bli en stinkande lerp\u00f6l. Fisken skulle d\u00f6 ut.<\/p>\n<p><img loading=\"lazy\" decoding=\"async\" class=\"alignnone\" title=\"Limhamn\" src=\"http:\/\/www.vonklopp.se\/images\/20091\/limhamn-3.jpg\" alt=\"\" width=\"500\" height=\"333\"><\/p>\n<p>Bilarna, som tidigare k\u00f6at p\u00e5 tomg\u00e5ng  i f\u00e4rjel\u00e4gen, skulle <em>k\u00f6ra <\/em>\u00f6ver bron och  sl\u00e4ppa ut en massa avgaser.<\/p>\n<p>Folk skulle k\u00f6ra ihj\u00e4l sig p\u00e5 bron. Tunga fordon och husvagnar skulle bl\u00e5sa av.<\/p>\n<p><img loading=\"lazy\" decoding=\"async\" class=\"alignnone\" title=\"Limhamn\" src=\"http:\/\/www.vonklopp.se\/images\/20091\/limhamn-4.jpg\" alt=\"\" width=\"500\" height=\"333\"><\/p>\n<p>Eller s\u00e5 skulle ingen k\u00f6ra \u00f6ver bron och brobolaget g\u00e5 i konkurs. Det skulle leda till att bron fick rivas.<\/p>\n<p>Bron kunde bli p\u00e5seglad och beh\u00f6va rivas&#8230;<\/p>\n<p><img loading=\"lazy\" decoding=\"async\" class=\"alignnone\" title=\"Limhamn\" src=\"http:\/\/www.vonklopp.se\/images\/20091\/limhamn-5.jpg\" alt=\"\" width=\"500\" height=\"333\"><\/p>\n<p>Ja det fanns ingen hejd p\u00e5 el\u00e4ndet. N\u00e4r beslutet att bygga bron togs 1994 hoppade centerpartisten Olof Johansson av fr\u00e5n regeringen.<\/p>\n<p><img loading=\"lazy\" decoding=\"async\" class=\"alignnone\" title=\"Limhamn\" src=\"http:\/\/www.vonklopp.se\/images\/20091\/limhamn-6.jpg\" alt=\"\" width=\"500\" height=\"333\"><\/p>\n<p>N\u00e5got decennium senare verkar vi trots allt ha klarat oss r\u00e4tt bra. Sk\u00e5ne st\u00e5r kvar (jag var d\u00e4r&nbsp; i somras).<\/p>\n<p><img loading=\"lazy\" decoding=\"async\" class=\"alignnone\" title=\"Limhamn\" src=\"http:\/\/www.vonklopp.se\/images\/20091\/limhamn-7.jpg\" alt=\"\" width=\"500\" height=\"333\"><\/p>\n<p>I Limhamn h\u00f6rs inte l\u00e4ngre mullret av orenade fartygsdieslar fr\u00e5n 60-talet. F\u00e4rjorna har s\u00e5lts till Estland och Italien.<\/p>\n<p><img loading=\"lazy\" decoding=\"async\" class=\"alignnone\" title=\"Limhamn\" src=\"http:\/\/www.vonklopp.se\/images\/20091\/limhamn-8.jpg\" alt=\"\" width=\"500\" height=\"333\"><\/p>\n<p>Trettionde oktober 1999 blev sista dagen f\u00e4rjelinjen Limhamn &#8211; Drag\u00f6r trafikerades.<\/p>\n<p><img loading=\"lazy\" decoding=\"async\" class=\"alignnone\" title=\"Limhamn\" src=\"http:\/\/www.vonklopp.se\/images\/20091\/limhamn-10.jpg\" alt=\"\" width=\"500\" height=\"333\"><\/p>\n<p>Det g\u00e5r inte l\u00e4ngre att &#8220;tura&#8221;.<\/p>\n<p><img loading=\"lazy\" decoding=\"async\" class=\"alignnone\" title=\"Limhamn\" src=\"http:\/\/www.vonklopp.se\/images\/20091\/limhamn-11.jpg\" alt=\"\" width=\"500\" height=\"333\"><\/p>\n<p>Men f\u00e4rjeterminalen st\u00e5r kvar. Man vet ju aldrig.  Det kan kanske bli n\u00f6dv\u00e4ndigt att riva bron och \u00e5teruppta f\u00e4rjetrafiken igen.<\/p>\n<p>Views: 9<\/p>","protected":false},"excerpt":{"rendered":"<p>Minns ni brodebatten? Allt hemskt som skulle h\u00e4nda om \u00d6resundsbron byggdes? \u00d6stersj\u00f6n skulle bli en stinkande lerp\u00f6l. Fisken skulle d\u00f6 ut. Bilarna, som tidigare k\u00f6at p\u00e5 tomg\u00e5ng i f\u00e4rjel\u00e4gen, skulle k\u00f6ra \u00f6ver bron och sl\u00e4ppa ut en massa avgaser. Folk skulle k\u00f6ra ihj\u00e4l sig p\u00e5 bron. Tunga fordon och husvagnar &hellip;<\/p>\n<div class=\"wrap-excerpt-more\"><a class=\"excerpt-more\" href=\"https:\/\/www.vonklopp.se\/wordpress\/?p=1221\">Read more<\/a><\/div>\n","protected":false},"author":1,"featured_media":0,"comment_status":"open","ping_status":"open","sticky":false,"template":"","format":"standard","meta":{"_monsterinsights_skip_tracking":false,"_monsterinsights_sitenote_active":false,"_monsterinsights_sitenote_note":"","_monsterinsights_sitenote_category":0,"_s2mail":"yes","footnotes":""},"categories":[1],"tags":[261,106,262,5],"class_list":["post-1221","post","type-post","status-publish","format-standard","hentry","category-det-gar-bra-for-sverige","tag-farjelage","tag-hamn","tag-limhamn","tag-overgivet","post--no-featured-image"],"aioseo_notices":[],"_links":{"self":[{"href":"https:\/\/www.vonklopp.se\/wordpress\/index.php?rest_route=\/wp\/v2\/posts\/1221","targetHints":{"allow":["GET"]}}],"collection":[{"href":"https:\/\/www.vonklopp.se\/wordpress\/index.php?rest_route=\/wp\/v2\/posts"}],"about":[{"href":"https:\/\/www.vonklopp.se\/wordpress\/index.php?rest_route=\/wp\/v2\/types\/post"}],"author":[{"embeddable":true,"href":"https:\/\/www.vonklopp.se\/wordpress\/index.php?rest_route=\/wp\/v2\/users\/1"}],"replies":[{"embeddable":true,"href":"https:\/\/www.vonklopp.se\/wordpress\/index.php?rest_route=%2Fwp%2Fv2%2Fcomments&post=1221"}],"version-history":[{"count":10,"href":"https:\/\/www.vonklopp.se\/wordpress\/index.php?rest_route=\/wp\/v2\/posts\/1221\/revisions"}],"predecessor-version":[{"id":7141,"href":"https:\/\/www.vonklopp.se\/wordpress\/index.php?rest_route=\/wp\/v2\/posts\/1221\/revisions\/7141"}],"wp:attachment":[{"href":"https:\/\/www.vonklopp.se\/wordpress\/index.php?rest_route=%2Fwp%2Fv2%2Fmedia&parent=1221"}],"wp:term":[{"taxonomy":"category","embeddable":true,"href":"https:\/\/www.vonklopp.se\/wordpress\/index.php?rest_route=%2Fwp%2Fv2%2Fcategories&post=1221"},{"taxonomy":"post_tag","embeddable":true,"href":"https:\/\/www.vonklopp.se\/wordpress\/index.php?rest_route=%2Fwp%2Fv2%2Ftags&post=1221"}],"curies":[{"name":"wp","href":"https:\/\/api.w.org\/{rel}","templated":true}]}}