{"id":1760,"date":"2010-01-15T08:45:22","date_gmt":"2010-01-15T06:45:22","guid":{"rendered":"http:\/\/www.vonklopp.se\/wordpress\/?p=1760"},"modified":"2021-02-15T13:58:31","modified_gmt":"2021-02-15T11:58:31","slug":"bast-nar-det-galler","status":"publish","type":"post","link":"https:\/\/www.vonklopp.se\/wordpress\/?p=1760","title":{"rendered":"B\u00e4st n\u00e4r det g\u00e4ller"},"content":{"rendered":"<p><img loading=\"lazy\" decoding=\"async\" class=\"alignnone\" title=\"Reservkraftverk Stenungsund\" src=\"http:\/\/www.vonklopp.se\/images\/20101\/stenungsund_reservkraft-4.jpg\" alt=\"Reservkraftverk Stenungsund\" width=\"500\" height=\"333\"><\/p>\n<p>Jag har f\u00f6r mig att det var signaturen Cello som p\u00e5pekade att &#8220;Mannaminne \u00e4r tiden som f\u00f6rflyter mellan tv\u00e5 sn\u00f6ov\u00e4der&#8221;. Efter att ha l\u00e4st de <a href=\"http:\/\/www.aftonbladet.se\/nyheter\/article6392713.ab\">senaste<\/a> <a href=\"http:\/\/www.aftonbladet.se\/vader\/article6385583.ab\">veckornas<\/a> <a href=\"http:\/\/www.aftonbladet.se\/vader\/article6386134.ab\">krigsrubriker<\/a> kan jag bara h\u00e5lla med.<\/p>\n<p><img loading=\"lazy\" decoding=\"async\" class=\"alignnone\" title=\"Reservkraftverk Stenungsund\" src=\"http:\/\/www.vonklopp.se\/images\/20101\/stenungsund_reservkraft-1.jpg\" alt=\"Reservkraftverk Stenungsund\" width=\"500\" height=\"333\"><\/p>\n<p>Elproduktion \u00e4r en samh\u00e4llskritisk verksamhet, vilket \u00e4r anledningen till att vi har en kraftreserv. Den kan startas upp med kort varsel om det uppst\u00e5r en bristsituation. En del av reservkraften levereras fr\u00e5n det h\u00e4r <a href=\"http:\/\/www.vonklopp.se\/wordpress\/?p=1610\">kraftverket i Stenungsund. <\/a><\/p>\n<p><img loading=\"lazy\" decoding=\"async\" class=\"alignnone\" title=\"Reservkraftverk Stenungsund\" src=\"http:\/\/www.vonklopp.se\/images\/20101\/stenungsund_reservkraft-2.jpg\" alt=\"Reservkraftverk Stenungsund\" width=\"500\" height=\"353\"><\/p>\n<p>Under den h\u00e4r veckan har man k\u00f6rt ett av fyra aggregat. Sedan klockan 07:00 i morse levererar man 260 MW till kraftn\u00e4tet. Det \u00e4r mer \u00e4n dubbelt s\u00e5 mycket som de svenska vindkraftverken sammanlagt m\u00e4ktar med (120 MW enligt <a href=\"http:\/\/www.vindstat.nu\/\">Vindstat<\/a>) just nu. Hur mycket sol och v\u00e5gkraft bidrar med idag \u00e4r oklart.<\/p>\n<p><img loading=\"lazy\" decoding=\"async\" class=\"alignnone\" title=\"Reservkraftverk Stenungsund\" src=\"http:\/\/www.vonklopp.se\/images\/20101\/stenungsund_reservkraft-3.jpg\" alt=\"Reservkraftverk Stenungsund\" width=\"500\" height=\"416\"><\/p>\n<p>Tv\u00e5 av reservkraftverken (Stenungsund och Marviken) ska <a href=\"http:\/\/www.nyteknik.se\/nyheter\/energi_miljo\/energi\/article704118.ece\">avvecklas<\/a>. Fr\u00e5gan \u00e4r vad som h\u00e4nder om samma v\u00e4der kommer tillbaka? Det ligger kanske f\u00f6r l\u00e5ngt fram i tiden &#8211;&nbsp; ett helt mannaminne &#8211; f\u00f6r att n\u00e5gon ska orka bry sig.<\/p>\n<p>Views: 4<\/p>","protected":false},"excerpt":{"rendered":"<p>Jag har f\u00f6r mig att det var signaturen Cello som p\u00e5pekade att &#8220;Mannaminne \u00e4r tiden som f\u00f6rflyter mellan tv\u00e5 sn\u00f6ov\u00e4der&#8221;. Efter att ha l\u00e4st de senaste veckornas krigsrubriker kan jag bara h\u00e5lla med. Elproduktion \u00e4r en samh\u00e4llskritisk verksamhet, vilket \u00e4r anledningen till att vi har en kraftreserv. Den kan startas &hellip;<\/p>\n<div class=\"wrap-excerpt-more\"><a class=\"excerpt-more\" href=\"https:\/\/www.vonklopp.se\/wordpress\/?p=1760\">Read more<\/a><\/div>\n","protected":false},"author":1,"featured_media":0,"comment_status":"open","ping_status":"open","sticky":false,"template":"","format":"standard","meta":{"_monsterinsights_skip_tracking":false,"_monsterinsights_sitenote_active":false,"_monsterinsights_sitenote_note":"","_monsterinsights_sitenote_category":0,"_s2mail":"yes","footnotes":""},"categories":[1,142],"tags":[349,55,329,327,242],"class_list":["post-1760","post","type-post","status-publish","format-standard","hentry","category-det-gar-bra-for-sverige","category-industrikultur","tag-kraftreserven","tag-kraftverk","tag-oljekraftverk","tag-stenungsund","tag-vattenfall","post--no-featured-image"],"aioseo_notices":[],"_links":{"self":[{"href":"https:\/\/www.vonklopp.se\/wordpress\/index.php?rest_route=\/wp\/v2\/posts\/1760","targetHints":{"allow":["GET"]}}],"collection":[{"href":"https:\/\/www.vonklopp.se\/wordpress\/index.php?rest_route=\/wp\/v2\/posts"}],"about":[{"href":"https:\/\/www.vonklopp.se\/wordpress\/index.php?rest_route=\/wp\/v2\/types\/post"}],"author":[{"embeddable":true,"href":"https:\/\/www.vonklopp.se\/wordpress\/index.php?rest_route=\/wp\/v2\/users\/1"}],"replies":[{"embeddable":true,"href":"https:\/\/www.vonklopp.se\/wordpress\/index.php?rest_route=%2Fwp%2Fv2%2Fcomments&post=1760"}],"version-history":[{"count":21,"href":"https:\/\/www.vonklopp.se\/wordpress\/index.php?rest_route=\/wp\/v2\/posts\/1760\/revisions"}],"predecessor-version":[{"id":7181,"href":"https:\/\/www.vonklopp.se\/wordpress\/index.php?rest_route=\/wp\/v2\/posts\/1760\/revisions\/7181"}],"wp:attachment":[{"href":"https:\/\/www.vonklopp.se\/wordpress\/index.php?rest_route=%2Fwp%2Fv2%2Fmedia&parent=1760"}],"wp:term":[{"taxonomy":"category","embeddable":true,"href":"https:\/\/www.vonklopp.se\/wordpress\/index.php?rest_route=%2Fwp%2Fv2%2Fcategories&post=1760"},{"taxonomy":"post_tag","embeddable":true,"href":"https:\/\/www.vonklopp.se\/wordpress\/index.php?rest_route=%2Fwp%2Fv2%2Ftags&post=1760"}],"curies":[{"name":"wp","href":"https:\/\/api.w.org\/{rel}","templated":true}]}}