{"id":1888,"date":"2010-02-15T22:14:59","date_gmt":"2010-02-15T20:14:59","guid":{"rendered":"http:\/\/www.vonklopp.se\/wordpress\/?p=1888"},"modified":"2012-10-11T16:18:53","modified_gmt":"2012-10-11T14:18:53","slug":"alvkarleby-kraftstation","status":"publish","type":"post","link":"https:\/\/www.vonklopp.se\/wordpress\/?p=1888","title":{"rendered":"\u00c4lvkarleby kraftstation"},"content":{"rendered":"<figure style=\"width: 500px\" class=\"wp-caption alignnone\"><img loading=\"lazy\" decoding=\"async\" title=\"\u00c4lvkarleby kraftstation\" src=\"http:\/\/www.vonklopp.se\/images\/20101\/alvkarleby-1.jpg\" alt=\"\u00c4lvkarleby kraftstation\" width=\"500\" height=\"333\" \/><figcaption class=\"wp-caption-text\">\u00c4lvkarleby kraftstation - maskinhall med st\u00e4llverksbyggnad i bakgrunden<\/figcaption><\/figure>\n<p>\u00c4lvkarleby i Dal\u00e4lven, Vattenfalls tredje &#8220;nationalkraftverk&#8221;, \u00f6ppnade 1915. Liksom de tv\u00e5 tidigare verken i <a href=\"http:\/\/www.vonklopp.se\/wordpress\/?p=1522\">Trollh\u00e4ttan<\/a> och <a href=\"http:\/\/www.vonklopp.se\/wordpress\/?p=1455\">Porjus<\/a> hette arkitekten Erik Josephson. M\u00e4ngder av svenska m\u00e4n har stiftat bekantskap med Josephsons arkitektur. Under sin karri\u00e4r ritade han kaserner till 22 regementen.<\/p>\n<figure style=\"width: 500px\" class=\"wp-caption alignnone\"><img loading=\"lazy\" decoding=\"async\" title=\"\u00c4lvkarleby kraftstation\" src=\"http:\/\/www.vonklopp.se\/images\/20101\/alvkarleby-4.jpg\" alt=\"\u00c4lvkarleby kraftstation\" width=\"500\" height=\"375\" \/><figcaption class=\"wp-caption-text\">\u00c4lvkarleby kraftstation<\/figcaption><\/figure>\n<p>Stationen byggdes i nationalromatisk stil med fasad av tegel. Maskinstation och intag placerades i samma byggnad. F\u00f6rsta utbyggnaden omfattade fem dubbla Francisturbiner med horisontell axel. Idag, 95 \u00e5r efter att stationen stod klar, ger varje aggregat en effekt p\u00e5 15 MW.<\/p>\n<figure style=\"width: 500px\" class=\"wp-caption alignnone\"><img loading=\"lazy\" decoding=\"async\" title=\"\u00c4lvkarleby kraftstation\" src=\"http:\/\/www.vonklopp.se\/images\/20101\/alvkarleby-2.jpg\" alt=\"\u00c4lvkarleby kraftstation\" width=\"500\" height=\"400\" \/><figcaption class=\"wp-caption-text\">Entren till krafstationen med smidesdetaljer formgivna av Olga Lanner<\/figcaption><\/figure>\n<p>Det var inte bara Josephson som fick f\u00f6rnyat f\u00f6rtroende n\u00e4r \u00c4lvkarlebystationen byggdes. Konstn\u00e4ren Olga Lanner fick uppdraget att utforma belysning och smidesdetaljer till stationen. Lanners arbete har vi tidigare sett i Porjus.<\/p>\n<figure style=\"width: 500px\" class=\"wp-caption alignnone\"><img loading=\"lazy\" decoding=\"async\" title=\"Maskinhall \u00c4lvkarleby\" src=\"http:\/\/www.vonklopp.se\/images\/20101\/alvkarleby-3.jpg\" alt=\"Maskinhall \u00c4lvkarleby\" width=\"500\" height=\"375\" \/><figcaption class=\"wp-caption-text\">Maskinhall och intag \u00e4r placerade i samma byggnad<\/figcaption><\/figure>\n<p>I b\u00f6rjan av 90-talet genomf\u00f6rdes en utbyggnad av verket. En Kaplanturbin installerades i en nybyggd maskinsal bel\u00e4gen intill den gamla stationen.<\/p>\n<figure style=\"width: 500px\" class=\"wp-caption alignnone\"><img loading=\"lazy\" decoding=\"async\" title=\"\u00c4lvkarleby kraftstation\" src=\"http:\/\/www.vonklopp.se\/images\/20101\/alvkarleby-5.jpg\" alt=\"\u00c4lvkarleby kraftstation\" width=\"500\" height=\"375\" \/><figcaption class=\"wp-caption-text\">Den nya maskinhallen fr\u00e5n 1991<\/figcaption><\/figure>\n<p>Tack till Lars Olsson och Peter Stedt!<\/p>\n<figure style=\"width: 500px\" class=\"wp-caption alignnone\"><a href=\"http:\/\/www.facebook.com\/SvenskaKraftverk\"><img loading=\"lazy\" decoding=\"async\" src=\"http:\/\/www.vonklopp.se\/images\/20123\/svenska_kraftverk_promo.jpg\" alt=\"Svenska Kraftverk\" width=\"500\" height=\"375\" \/><\/a><figcaption class=\"wp-caption-text\">F\u00f6lj mitt projekt Svenska Kraftverk p\u00e5 Facebook! Klicka p\u00e5 bilden f\u00f6r att komma dit.<\/figcaption><\/figure>\n<p>&nbsp;<\/p>\n<p>Views: 39<\/p>","protected":false},"excerpt":{"rendered":"<p>\u00c4lvkarleby i Dal\u00e4lven, Vattenfalls tredje &#8220;nationalkraftverk&#8221;, \u00f6ppnade 1915. Liksom de tv\u00e5 tidigare verken i Trollh\u00e4ttan och Porjus hette arkitekten Erik Josephson. M\u00e4ngder av svenska m\u00e4n har stiftat bekantskap med Josephsons arkitektur. Under sin karri\u00e4r ritade han kaserner till 22 regementen. Stationen byggdes i nationalromatisk stil med fasad av tegel. Maskinstation &hellip;<\/p>\n<div class=\"wrap-excerpt-more\"><a class=\"excerpt-more\" href=\"https:\/\/www.vonklopp.se\/wordpress\/?p=1888\">Read more<\/a><\/div>\n","protected":false},"author":1,"featured_media":0,"comment_status":"open","ping_status":"open","sticky":false,"template":"","format":"standard","meta":{"_monsterinsights_skip_tracking":false,"_monsterinsights_sitenote_active":false,"_monsterinsights_sitenote_note":"","_monsterinsights_sitenote_category":0,"_s2mail":"yes","footnotes":""},"categories":[142,755],"tags":[367,368,55,242],"class_list":["post-1888","post","type-post","status-publish","format-standard","hentry","category-industrikultur","category-svenska-kraftverk","tag-alvkarleby","tag-kraftstation-vattenkraft","tag-kraftverk","tag-vattenfall","post--no-featured-image"],"aioseo_notices":[],"_links":{"self":[{"href":"https:\/\/www.vonklopp.se\/wordpress\/index.php?rest_route=\/wp\/v2\/posts\/1888","targetHints":{"allow":["GET"]}}],"collection":[{"href":"https:\/\/www.vonklopp.se\/wordpress\/index.php?rest_route=\/wp\/v2\/posts"}],"about":[{"href":"https:\/\/www.vonklopp.se\/wordpress\/index.php?rest_route=\/wp\/v2\/types\/post"}],"author":[{"embeddable":true,"href":"https:\/\/www.vonklopp.se\/wordpress\/index.php?rest_route=\/wp\/v2\/users\/1"}],"replies":[{"embeddable":true,"href":"https:\/\/www.vonklopp.se\/wordpress\/index.php?rest_route=%2Fwp%2Fv2%2Fcomments&post=1888"}],"version-history":[{"count":22,"href":"https:\/\/www.vonklopp.se\/wordpress\/index.php?rest_route=\/wp\/v2\/posts\/1888\/revisions"}],"predecessor-version":[{"id":3902,"href":"https:\/\/www.vonklopp.se\/wordpress\/index.php?rest_route=\/wp\/v2\/posts\/1888\/revisions\/3902"}],"wp:attachment":[{"href":"https:\/\/www.vonklopp.se\/wordpress\/index.php?rest_route=%2Fwp%2Fv2%2Fmedia&parent=1888"}],"wp:term":[{"taxonomy":"category","embeddable":true,"href":"https:\/\/www.vonklopp.se\/wordpress\/index.php?rest_route=%2Fwp%2Fv2%2Fcategories&post=1888"},{"taxonomy":"post_tag","embeddable":true,"href":"https:\/\/www.vonklopp.se\/wordpress\/index.php?rest_route=%2Fwp%2Fv2%2Ftags&post=1888"}],"curies":[{"name":"wp","href":"https:\/\/api.w.org\/{rel}","templated":true}]}}