{"id":2060,"date":"2010-04-08T20:20:12","date_gmt":"2010-04-08T18:20:12","guid":{"rendered":"http:\/\/www.vonklopp.se\/wordpress\/?p=2060"},"modified":"2021-09-13T20:22:29","modified_gmt":"2021-09-13T18:22:29","slug":"nas-kraftstation","status":"publish","type":"post","link":"https:\/\/www.vonklopp.se\/wordpress\/?p=2060","title":{"rendered":"N\u00e4s kraftstation"},"content":{"rendered":"<p><img loading=\"lazy\" decoding=\"async\" class=\"alignnone\" title=\"N\u00e4s kraftstation\" src=\"http:\/\/www.vonklopp.se\/images\/20102\/nas_kraftstn-1.jpg\" alt=\"N\u00e4s kraftstation\" width=\"500\" height=\"375\"><\/p>\n<p>I N\u00e4s bruk vid Dal\u00e4lven har det funnits kraftstation \u00e4nda sedan 1898. Kraft levererades till det intilliggande bruket och Sandvikens j\u00e4rnverk. Vattenfall tog \u00f6ver stationen 1936.<\/p>\n<p><img loading=\"lazy\" decoding=\"async\" class=\"alignnone\" title=\"N\u00e4s kraftstation\" src=\"http:\/\/www.vonklopp.se\/images\/20102\/nas_kraftstn-2.jpg\" alt=\"N\u00e4s kraftstation\" width=\"500\" height=\"375\"><\/p>\n<p>1980 ersattes den ursprungliga stationen av en ny, byggd p\u00e5 andra \u00e4lvstranden. Arkitekten verkar ha haft en n\u00e5got l\u00e4gre ambitionsniv\u00e5. Kanke \u00e4r det samma person som ritade byggnaderna i <a href=\"http:\/\/www.vonklopp.se\/wordpress\/?p=1918\"> Slagn\u00e4s<\/a>?<\/p>\n<p><img loading=\"lazy\" decoding=\"async\" class=\"alignnone\" title=\"N\u00e4s kraftstation\" src=\"http:\/\/www.vonklopp.se\/images\/20102\/nas_kraftstn-3.jpg\" alt=\"N\u00e4s kraftstation\" width=\"500\" height=\"375\"><\/p>\n<p>F\u00f6r n\u00e4rvarande p\u00e5g\u00e5r renovering av utskovsluckor.<\/p>\n<p><img loading=\"lazy\" decoding=\"async\" class=\"alignnone\" title=\"N\u00e4s kraftstation\" src=\"http:\/\/www.vonklopp.se\/images\/20102\/nas_kraftstn-4.jpg\" alt=\"N\u00e4s kraftstation\" width=\"500\" height=\"375\"><\/p>\n<p>Fler bilder fr\u00e5n b\u00e5de gamla och nya stationen kommer inom kort.<\/p>\n<p>Views: 21<\/p>","protected":false},"excerpt":{"rendered":"<p>I N\u00e4s bruk vid Dal\u00e4lven har det funnits kraftstation \u00e4nda sedan 1898. Kraft levererades till det intilliggande bruket och Sandvikens j\u00e4rnverk. Vattenfall tog \u00f6ver stationen 1936. 1980 ersattes den ursprungliga stationen av en ny, byggd p\u00e5 andra \u00e4lvstranden. Arkitekten verkar ha haft en n\u00e5got l\u00e4gre ambitionsniv\u00e5. Kanke \u00e4r det samma &hellip;<\/p>\n<div class=\"wrap-excerpt-more\"><a class=\"excerpt-more\" href=\"https:\/\/www.vonklopp.se\/wordpress\/?p=2060\">Read more<\/a><\/div>\n","protected":false},"author":1,"featured_media":0,"comment_status":"open","ping_status":"open","sticky":false,"template":"","format":"standard","meta":{"_monsterinsights_skip_tracking":false,"_monsterinsights_sitenote_active":false,"_monsterinsights_sitenote_note":"","_monsterinsights_sitenote_category":0,"_s2mail":"yes","footnotes":""},"categories":[142],"tags":[400,402,55,399,401,242,109],"class_list":["post-2060","post","type-post","status-publish","format-standard","hentry","category-industrikultur","tag-dalalven","tag-damm","tag-kraftverk","tag-nas-bruk","tag-utskov","tag-vattenfall","tag-vattenkraft","post--no-featured-image"],"aioseo_notices":[],"_links":{"self":[{"href":"https:\/\/www.vonklopp.se\/wordpress\/index.php?rest_route=\/wp\/v2\/posts\/2060","targetHints":{"allow":["GET"]}}],"collection":[{"href":"https:\/\/www.vonklopp.se\/wordpress\/index.php?rest_route=\/wp\/v2\/posts"}],"about":[{"href":"https:\/\/www.vonklopp.se\/wordpress\/index.php?rest_route=\/wp\/v2\/types\/post"}],"author":[{"embeddable":true,"href":"https:\/\/www.vonklopp.se\/wordpress\/index.php?rest_route=\/wp\/v2\/users\/1"}],"replies":[{"embeddable":true,"href":"https:\/\/www.vonklopp.se\/wordpress\/index.php?rest_route=%2Fwp%2Fv2%2Fcomments&post=2060"}],"version-history":[{"count":16,"href":"https:\/\/www.vonklopp.se\/wordpress\/index.php?rest_route=\/wp\/v2\/posts\/2060\/revisions"}],"predecessor-version":[{"id":7465,"href":"https:\/\/www.vonklopp.se\/wordpress\/index.php?rest_route=\/wp\/v2\/posts\/2060\/revisions\/7465"}],"wp:attachment":[{"href":"https:\/\/www.vonklopp.se\/wordpress\/index.php?rest_route=%2Fwp%2Fv2%2Fmedia&parent=2060"}],"wp:term":[{"taxonomy":"category","embeddable":true,"href":"https:\/\/www.vonklopp.se\/wordpress\/index.php?rest_route=%2Fwp%2Fv2%2Fcategories&post=2060"},{"taxonomy":"post_tag","embeddable":true,"href":"https:\/\/www.vonklopp.se\/wordpress\/index.php?rest_route=%2Fwp%2Fv2%2Ftags&post=2060"}],"curies":[{"name":"wp","href":"https:\/\/api.w.org\/{rel}","templated":true}]}}