{"id":2724,"date":"2011-02-21T22:13:02","date_gmt":"2011-02-21T20:13:02","guid":{"rendered":"http:\/\/www.vonklopp.se\/wordpress\/?p=2724"},"modified":"2011-02-21T22:13:02","modified_gmt":"2011-02-21T20:13:02","slug":"knared-nedre","status":"publish","type":"post","link":"https:\/\/www.vonklopp.se\/wordpress\/?p=2724","title":{"rendered":"Kn\u00e4red nedre"},"content":{"rendered":"<p><img loading=\"lazy\" decoding=\"async\" alt=\"Kn\u00e4red nedre\" src=\"http:\/\/www.vonklopp.se\/images\/20111\/knared_nedre-4.jpg\" title=\"Kn\u00e4red nedre\" class=\"alignnone\" width=\"500\" height=\"333\" \/><\/p>\n<p>N\u00e5gra hundra meter nedstr\u00f6ms fr\u00e5n <a href=\"http:\/\/www.vonklopp.se\/wordpress\/?p=2710\">Kn\u00e4red \u00d6vre<\/a> st\u00e5r ytterligare en kraftstation kallad Kn\u00e4red Nedre. <\/p>\n<p><img loading=\"lazy\" decoding=\"async\" alt=\"Kn\u00e4red nedre\" src=\"http:\/\/www.vonklopp.se\/images\/20111\/knared_nedre-1.jpg\" title=\"Kn\u00e4red nedre\" class=\"alignnone\" width=\"500\" height=\"333\" \/><\/p>\n<p>De b\u00e5da stationerna i Kn\u00e4red byggdes samtidigt och ritades av samma arkitekt &#8211; Hans Thyselius. Mellan de b\u00e5da stationerna g\u00e5r en gr\u00e4vd kanal. <\/p>\n<p><img loading=\"lazy\" decoding=\"async\" alt=\"Kn\u00e4red nedre\" src=\"http:\/\/www.vonklopp.se\/images\/20111\/knared_nedre-3.jpg\" title=\"Kn\u00e4red nedre\" class=\"alignnone\" width=\"500\" height=\"333\" \/><\/p>\n<p>B\u00e4gge stationerna har tre aggregat. Kn\u00e4red nedre har p\u00e5 grund av l\u00e4gre fallh\u00f6jd (9 meter i st\u00e4llet f\u00f6r 10) l\u00e4gre effekt. <\/p>\n<p><img loading=\"lazy\" decoding=\"async\" alt=\"Kn\u00e4red nedre\" src=\"http:\/\/www.vonklopp.se\/images\/20111\/knared_nedre-2.jpg\" title=\"Kn\u00e4red nedre\" class=\"alignnone\" width=\"500\" height=\"333\" \/><\/p>\n<p>Anl\u00e4ggningarna i Kn\u00e4red, Bassalt och Majenfors byggdes och \u00e4gdes l\u00e4nge av Sydkraft. Idag tillh\u00f6r de norska Statkraft. En del s\u00e5 kallat &#8220;brandingarbete&#8221; \u00e5terst\u00e5r fortfarande.<\/p>\n<p>Views: 13<\/p>","protected":false},"excerpt":{"rendered":"<p>N\u00e5gra hundra meter nedstr\u00f6ms fr\u00e5n Kn\u00e4red \u00d6vre st\u00e5r ytterligare en kraftstation kallad Kn\u00e4red Nedre. De b\u00e5da stationerna i Kn\u00e4red byggdes samtidigt och ritades av samma arkitekt &#8211; Hans Thyselius. Mellan de b\u00e5da stationerna g\u00e5r en gr\u00e4vd kanal. B\u00e4gge stationerna har tre aggregat. Kn\u00e4red nedre har p\u00e5 grund av l\u00e4gre fallh\u00f6jd &hellip;<\/p>\n<div class=\"wrap-excerpt-more\"><a class=\"excerpt-more\" href=\"https:\/\/www.vonklopp.se\/wordpress\/?p=2724\">Read more<\/a><\/div>\n","protected":false},"author":1,"featured_media":0,"comment_status":"open","ping_status":"open","sticky":false,"template":"","format":"standard","meta":{"_monsterinsights_skip_tracking":false,"_monsterinsights_sitenote_active":false,"_monsterinsights_sitenote_note":"","_monsterinsights_sitenote_category":0,"_s2mail":"yes","footnotes":""},"categories":[142],"tags":[528,300,55,231,232,109],"class_list":["post-2724","post","type-post","status-publish","format-standard","hentry","category-industrikultur","tag-knared","tag-kraftstation","tag-kraftverk","tag-lagan","tag-statkraft","tag-vattenkraft","post--no-featured-image"],"aioseo_notices":[],"_links":{"self":[{"href":"https:\/\/www.vonklopp.se\/wordpress\/index.php?rest_route=\/wp\/v2\/posts\/2724","targetHints":{"allow":["GET"]}}],"collection":[{"href":"https:\/\/www.vonklopp.se\/wordpress\/index.php?rest_route=\/wp\/v2\/posts"}],"about":[{"href":"https:\/\/www.vonklopp.se\/wordpress\/index.php?rest_route=\/wp\/v2\/types\/post"}],"author":[{"embeddable":true,"href":"https:\/\/www.vonklopp.se\/wordpress\/index.php?rest_route=\/wp\/v2\/users\/1"}],"replies":[{"embeddable":true,"href":"https:\/\/www.vonklopp.se\/wordpress\/index.php?rest_route=%2Fwp%2Fv2%2Fcomments&post=2724"}],"version-history":[{"count":8,"href":"https:\/\/www.vonklopp.se\/wordpress\/index.php?rest_route=\/wp\/v2\/posts\/2724\/revisions"}],"predecessor-version":[{"id":2732,"href":"https:\/\/www.vonklopp.se\/wordpress\/index.php?rest_route=\/wp\/v2\/posts\/2724\/revisions\/2732"}],"wp:attachment":[{"href":"https:\/\/www.vonklopp.se\/wordpress\/index.php?rest_route=%2Fwp%2Fv2%2Fmedia&parent=2724"}],"wp:term":[{"taxonomy":"category","embeddable":true,"href":"https:\/\/www.vonklopp.se\/wordpress\/index.php?rest_route=%2Fwp%2Fv2%2Fcategories&post=2724"},{"taxonomy":"post_tag","embeddable":true,"href":"https:\/\/www.vonklopp.se\/wordpress\/index.php?rest_route=%2Fwp%2Fv2%2Ftags&post=2724"}],"curies":[{"name":"wp","href":"https:\/\/api.w.org\/{rel}","templated":true}]}}