{"id":3173,"date":"2011-08-22T09:00:46","date_gmt":"2011-08-22T07:00:46","guid":{"rendered":"http:\/\/www.vonklopp.se\/wordpress\/?p=3173"},"modified":"2011-08-22T21:01:37","modified_gmt":"2011-08-22T19:01:37","slug":"holjebro","status":"publish","type":"post","link":"https:\/\/www.vonklopp.se\/wordpress\/?p=3173","title":{"rendered":"H\u00f6ljebro"},"content":{"rendered":"<p><img decoding=\"async\" src=\"http:\/\/www.vonklopp.se\/images\/20113\/holjebro_blog-1.jpg\" alt=\"H\u00f6ljebro kraftstation\" \/><\/p>\n<p>H\u00f6ljebro nya kraftstation i Ljusnan togs i drift 2001. Byggnaden ritad av Klas Holmgren ger &#8211; f\u00f6r att vara en modern industribyggnad &#8211; ovanligt m\u00e5nga ledtr\u00e5dar om vad som sker innanf\u00f6r v\u00e4ggarna. Holmgren har \u00e4ven ritat den nya stationen i <a href=\"http:\/\/www.vonklopp.se\/wordpress\/?p=2774\">Avesta<\/a>.  <\/p>\n<p><img decoding=\"async\" src=\"http:\/\/www.vonklopp.se\/images\/20113\/holjebro_blog-2.jpg\" alt=\"H\u00f6ljebro kraftstation\" \/><\/p>\n<p>I den nya stationen finns aggregat G4.  I en \u00e4ldre byggnad n\u00e5got hundratal meter bort st\u00e5r G3. Pl\u00e5tskjulet runt G3 kommer nog inte att vinna priset f\u00f6r G\u00e4vleborgs l\u00e4ns vackraste byggnad. <\/p>\n<p><img decoding=\"async\" src=\"http:\/\/www.vonklopp.se\/images\/20113\/holjebro_blog-3.jpg\" alt=\"H\u00f6ljebro kraftstation\" \/><\/p>\n<p>Den uppm\u00e4rksamme l\u00e4saren undrar kanske var G1 och G2 tagit v\u00e4gen? Byggnaden med de tv\u00e5 ursprungliga aggregaten fr\u00e5n 1930-talet \u00e4r riven. Det som \u00e5terst\u00e5r av den ursprungliga anl\u00e4ggningen \u00e4r dammen. Den sm\u00e4ckra st\u00e5l och betongkonstruktionen med plan och sektorluckor fungerar \u00e4ven som v\u00e4gbro. <\/p>\n<p>Views: 39<\/p>","protected":false},"excerpt":{"rendered":"<p>H\u00f6ljebro nya kraftstation i Ljusnan togs i drift 2001. Byggnaden ritad av Klas Holmgren ger &#8211; f\u00f6r att vara en modern industribyggnad &#8211; ovanligt m\u00e5nga ledtr\u00e5dar om vad som sker innanf\u00f6r v\u00e4ggarna. Holmgren har \u00e4ven ritat den nya stationen i Avesta. I den nya stationen finns aggregat G4. I en &hellip;<\/p>\n<div class=\"wrap-excerpt-more\"><a class=\"excerpt-more\" href=\"https:\/\/www.vonklopp.se\/wordpress\/?p=3173\">Read more<\/a><\/div>\n","protected":false},"author":1,"featured_media":0,"comment_status":"open","ping_status":"open","sticky":false,"template":"","format":"standard","meta":{"_monsterinsights_skip_tracking":false,"_monsterinsights_sitenote_active":false,"_monsterinsights_sitenote_note":"","_monsterinsights_sitenote_category":0,"_s2mail":"yes","footnotes":""},"categories":[142],"tags":[484,515,372,610,300,497,109],"class_list":["post-3173","post","type-post","status-publish","format-standard","hentry","category-industrikultur","tag-elproduktion","tag-energiproduktion","tag-fortum","tag-holjebro","tag-kraftstation","tag-ljusnan","tag-vattenkraft","post--no-featured-image"],"aioseo_notices":[],"_links":{"self":[{"href":"https:\/\/www.vonklopp.se\/wordpress\/index.php?rest_route=\/wp\/v2\/posts\/3173","targetHints":{"allow":["GET"]}}],"collection":[{"href":"https:\/\/www.vonklopp.se\/wordpress\/index.php?rest_route=\/wp\/v2\/posts"}],"about":[{"href":"https:\/\/www.vonklopp.se\/wordpress\/index.php?rest_route=\/wp\/v2\/types\/post"}],"author":[{"embeddable":true,"href":"https:\/\/www.vonklopp.se\/wordpress\/index.php?rest_route=\/wp\/v2\/users\/1"}],"replies":[{"embeddable":true,"href":"https:\/\/www.vonklopp.se\/wordpress\/index.php?rest_route=%2Fwp%2Fv2%2Fcomments&post=3173"}],"version-history":[{"count":10,"href":"https:\/\/www.vonklopp.se\/wordpress\/index.php?rest_route=\/wp\/v2\/posts\/3173\/revisions"}],"predecessor-version":[{"id":3182,"href":"https:\/\/www.vonklopp.se\/wordpress\/index.php?rest_route=\/wp\/v2\/posts\/3173\/revisions\/3182"}],"wp:attachment":[{"href":"https:\/\/www.vonklopp.se\/wordpress\/index.php?rest_route=%2Fwp%2Fv2%2Fmedia&parent=3173"}],"wp:term":[{"taxonomy":"category","embeddable":true,"href":"https:\/\/www.vonklopp.se\/wordpress\/index.php?rest_route=%2Fwp%2Fv2%2Fcategories&post=3173"},{"taxonomy":"post_tag","embeddable":true,"href":"https:\/\/www.vonklopp.se\/wordpress\/index.php?rest_route=%2Fwp%2Fv2%2Ftags&post=3173"}],"curies":[{"name":"wp","href":"https:\/\/api.w.org\/{rel}","templated":true}]}}