{"id":3572,"date":"2012-02-01T22:47:10","date_gmt":"2012-02-01T20:47:10","guid":{"rendered":"http:\/\/www.vonklopp.se\/wordpress\/?p=3572"},"modified":"2012-02-02T09:10:11","modified_gmt":"2012-02-02T07:10:11","slug":"the-same-procedure-as-every-year-james","status":"publish","type":"post","link":"https:\/\/www.vonklopp.se\/wordpress\/?p=3572","title":{"rendered":"The same procedure as every year, James!"},"content":{"rendered":"<p><img decoding=\"async\" src=\"http:\/\/www.vonklopp.se\/images\/20121\/stenungsund_blog-2.jpg\" alt=\"Stenungsunds kraftverk\" \/><\/p>\n<p>Det b\u00f6rjar bli rutin nu. N\u00e4r rattmuff och l\u00e5ngkalsonger \u00e5ker p\u00e5 \u00e4r det dags att v\u00e4rma upp pannorna i Stenungsund. D\u00e4r finns &#8211; f\u00f6rutom en av landets st\u00f6rsta samlingar av kobratelefoner &#8211; ett underjordiskt kraftverk \u00e4gt av Vattenfall.  <\/p>\n<p><img decoding=\"async\" src=\"http:\/\/www.vonklopp.se\/images\/20121\/stenungsund_blog-1.jpg\" alt=\"Stenungsunds kraftverk\" \/><\/p>\n<p>F\u00f6rra vintern var man ig\u00e5ng redan i november. Idag blev det \u00e5terigen dags f\u00f6r Svenska Kraftn\u00e4t ta Effektreserven i bruk f\u00f6r att undvika elbrist.<\/p>\n<p>Inte s\u00e5 dumt att de finns med andra ord. Speciellt med tanke p\u00e5 att anl\u00e4ggningen skulle avvecklas s\u00e5 sent som 2009. <\/p>\n<p>Fler bilder finns <a href=\"http:\/\/www.vonklopp.se\/wordpress\/?p=1610\">h\u00e4r<\/a> och i Scanpix Editorialarkiv.<\/p>\n<p><em>Uppdatering: Nu p\u00e5 morgonen 2\/2 \u00e4r b\u00e5de B3 och B4 i produktion. Den sammanlagda effekten \u00e4r 520 MW. Som j\u00e4mf\u00f6relse hade en reaktor i det nedlagda k\u00e4rnkraftverket Barseb\u00e4ck en effekt p\u00e5 600 MW. <\/em><\/p>\n<p>Views: 7<\/p>","protected":false},"excerpt":{"rendered":"<p>Det b\u00f6rjar bli rutin nu. N\u00e4r rattmuff och l\u00e5ngkalsonger \u00e5ker p\u00e5 \u00e4r det dags att v\u00e4rma upp pannorna i Stenungsund. D\u00e4r finns &#8211; f\u00f6rutom en av landets st\u00f6rsta samlingar av kobratelefoner &#8211; ett underjordiskt kraftverk \u00e4gt av Vattenfall. F\u00f6rra vintern var man ig\u00e5ng redan i november. Idag blev det \u00e5terigen &hellip;<\/p>\n<div class=\"wrap-excerpt-more\"><a class=\"excerpt-more\" href=\"https:\/\/www.vonklopp.se\/wordpress\/?p=3572\">Read more<\/a><\/div>\n","protected":false},"author":1,"featured_media":0,"comment_status":"open","ping_status":"open","sticky":false,"template":"","format":"standard","meta":{"_monsterinsights_skip_tracking":false,"_monsterinsights_sitenote_active":false,"_monsterinsights_sitenote_note":"","_monsterinsights_sitenote_category":0,"_s2mail":"yes","footnotes":""},"categories":[142],"tags":[192,431,178,688,484,611,55,329,689,327,432,242],"class_list":["post-3572","post","type-post","status-publish","format-standard","hentry","category-industrikultur","tag-beredskap","tag-effektreserv","tag-el","tag-elforsorjning","tag-elproduktion","tag-energi","tag-kraftverk","tag-oljekraftverk","tag-samhallsfunktioner","tag-stenungsund","tag-svenska-kraftnat","tag-vattenfall","post--no-featured-image"],"aioseo_notices":[],"_links":{"self":[{"href":"https:\/\/www.vonklopp.se\/wordpress\/index.php?rest_route=\/wp\/v2\/posts\/3572","targetHints":{"allow":["GET"]}}],"collection":[{"href":"https:\/\/www.vonklopp.se\/wordpress\/index.php?rest_route=\/wp\/v2\/posts"}],"about":[{"href":"https:\/\/www.vonklopp.se\/wordpress\/index.php?rest_route=\/wp\/v2\/types\/post"}],"author":[{"embeddable":true,"href":"https:\/\/www.vonklopp.se\/wordpress\/index.php?rest_route=\/wp\/v2\/users\/1"}],"replies":[{"embeddable":true,"href":"https:\/\/www.vonklopp.se\/wordpress\/index.php?rest_route=%2Fwp%2Fv2%2Fcomments&post=3572"}],"version-history":[{"count":10,"href":"https:\/\/www.vonklopp.se\/wordpress\/index.php?rest_route=\/wp\/v2\/posts\/3572\/revisions"}],"predecessor-version":[{"id":3581,"href":"https:\/\/www.vonklopp.se\/wordpress\/index.php?rest_route=\/wp\/v2\/posts\/3572\/revisions\/3581"}],"wp:attachment":[{"href":"https:\/\/www.vonklopp.se\/wordpress\/index.php?rest_route=%2Fwp%2Fv2%2Fmedia&parent=3572"}],"wp:term":[{"taxonomy":"category","embeddable":true,"href":"https:\/\/www.vonklopp.se\/wordpress\/index.php?rest_route=%2Fwp%2Fv2%2Fcategories&post=3572"},{"taxonomy":"post_tag","embeddable":true,"href":"https:\/\/www.vonklopp.se\/wordpress\/index.php?rest_route=%2Fwp%2Fv2%2Ftags&post=3572"}],"curies":[{"name":"wp","href":"https:\/\/api.w.org\/{rel}","templated":true}]}}