{"id":36,"date":"2008-02-16T23:14:18","date_gmt":"2008-02-16T21:14:18","guid":{"rendered":"http:\/\/www.vonklopp.se\/wordpress\/?p=36"},"modified":"2023-10-12T08:58:01","modified_gmt":"2023-10-12T07:58:01","slug":"kantorp","status":"publish","type":"post","link":"https:\/\/www.vonklopp.se\/wordpress\/?p=36","title":{"rendered":"Kantorp"},"content":{"rendered":"\n<figure class=\"wp-block-image size-full\"><img loading=\"lazy\" decoding=\"async\" width=\"960\" height=\"720\" src=\"https:\/\/www.vonklopp.se\/wordpress\/wp-content\/uploads\/2023\/10\/kantorp_blog-1.jpg\" alt=\"\" class=\"wp-image-7980\" srcset=\"https:\/\/www.vonklopp.se\/wordpress\/wp-content\/uploads\/2023\/10\/kantorp_blog-1.jpg 960w, https:\/\/www.vonklopp.se\/wordpress\/wp-content\/uploads\/2023\/10\/kantorp_blog-1-800x600.jpg 800w, https:\/\/www.vonklopp.se\/wordpress\/wp-content\/uploads\/2023\/10\/kantorp_blog-1-768x576.jpg 768w\" sizes=\"auto, (max-width: 960px) 100vw, 960px\" \/><figcaption>Gruvlaven i Kantorp, fotograferad 2008.<\/figcaption><\/figure>\n\n\n\n<p>Gruvan i Kantorp var l\u00e4nge S\u00f6dermanlands st\u00f6rsta. Den lades ner 1967 &#8211; bara sju \u00e5r efter en omfattande modernisering d\u00e5 man byggde ny uppfordringsanl\u00e4ggning och gruvstuga. <\/p>\n\n\n\n<p>Kantorp ligger mellan Flen och Katrineholm, n\u00e5gra kilometer fr\u00e5n riksv\u00e4g 55.  Fram till att den eldh\u00e4rjades 2010 syntes den 68 meter h\u00f6ga laven v\u00e4l fr\u00e5n v\u00e4gen. Likt de samtida Ramh\u00e4ll och Sk\u00f6ttgruvan var laven i betong med helautomatiskt bergspel placerat h\u00f6gst upp. Under en tid efter gruvans st\u00e4ngning anv\u00e4ndes den som vattentorn.<\/p>\n<p>Views: 12<\/p>","protected":false},"excerpt":{"rendered":"<p>Gruvan i Kantorp var l\u00e4nge S\u00f6dermanlands st\u00f6rsta. Den lades ner 1967 &#8211; bara sju \u00e5r efter en omfattande modernisering d\u00e5 man byggde ny uppfordringsanl\u00e4ggning och gruvstuga. Kantorp ligger mellan Flen och Katrineholm, n\u00e5gra kilometer fr\u00e5n riksv\u00e4g 55. Fram till att den eldh\u00e4rjades 2010 syntes den 68 meter h\u00f6ga laven v\u00e4l &hellip;<\/p>\n<div class=\"wrap-excerpt-more\"><a class=\"excerpt-more\" href=\"https:\/\/www.vonklopp.se\/wordpress\/?p=36\">Read more<\/a><\/div>\n","protected":false},"author":1,"featured_media":0,"comment_status":"open","ping_status":"open","sticky":false,"template":"","format":"standard","meta":{"_monsterinsights_skip_tracking":false,"_monsterinsights_sitenote_active":false,"_monsterinsights_sitenote_note":"","_monsterinsights_sitenote_category":0,"_s2mail":"yes","footnotes":""},"categories":[1],"tags":[40,6,41,5],"class_list":["post-36","post","type-post","status-publish","format-standard","hentry","category-det-gar-bra-for-sverige","tag-basindustri","tag-gruvor","tag-malm","tag-overgivet","post--no-featured-image"],"aioseo_notices":[],"_links":{"self":[{"href":"https:\/\/www.vonklopp.se\/wordpress\/index.php?rest_route=\/wp\/v2\/posts\/36","targetHints":{"allow":["GET"]}}],"collection":[{"href":"https:\/\/www.vonklopp.se\/wordpress\/index.php?rest_route=\/wp\/v2\/posts"}],"about":[{"href":"https:\/\/www.vonklopp.se\/wordpress\/index.php?rest_route=\/wp\/v2\/types\/post"}],"author":[{"embeddable":true,"href":"https:\/\/www.vonklopp.se\/wordpress\/index.php?rest_route=\/wp\/v2\/users\/1"}],"replies":[{"embeddable":true,"href":"https:\/\/www.vonklopp.se\/wordpress\/index.php?rest_route=%2Fwp%2Fv2%2Fcomments&post=36"}],"version-history":[{"count":7,"href":"https:\/\/www.vonklopp.se\/wordpress\/index.php?rest_route=\/wp\/v2\/posts\/36\/revisions"}],"predecessor-version":[{"id":7986,"href":"https:\/\/www.vonklopp.se\/wordpress\/index.php?rest_route=\/wp\/v2\/posts\/36\/revisions\/7986"}],"wp:attachment":[{"href":"https:\/\/www.vonklopp.se\/wordpress\/index.php?rest_route=%2Fwp%2Fv2%2Fmedia&parent=36"}],"wp:term":[{"taxonomy":"category","embeddable":true,"href":"https:\/\/www.vonklopp.se\/wordpress\/index.php?rest_route=%2Fwp%2Fv2%2Fcategories&post=36"},{"taxonomy":"post_tag","embeddable":true,"href":"https:\/\/www.vonklopp.se\/wordpress\/index.php?rest_route=%2Fwp%2Fv2%2Ftags&post=36"}],"curies":[{"name":"wp","href":"https:\/\/api.w.org\/{rel}","templated":true}]}}