{"id":3625,"date":"2012-03-19T21:54:32","date_gmt":"2012-03-19T19:54:32","guid":{"rendered":"http:\/\/www.vonklopp.se\/wordpress\/?p=3625"},"modified":"2012-03-19T21:54:32","modified_gmt":"2012-03-19T19:54:32","slug":"var-i-skedvi","status":"publish","type":"post","link":"https:\/\/www.vonklopp.se\/wordpress\/?p=3625","title":{"rendered":"V\u00e5r i Skedvi"},"content":{"rendered":"<p><img decoding=\"async\" src=\"http:\/\/www.vonklopp.se\/images\/20121\/skedvi_blog-1.jpg\" alt=\"Stora Skedvi kraftstation\" \/><\/p>\n<p>V\u00e5ren har kommit ovanligt tidigt till Stora Skedvi i \u00e5r. Fortums kraftverk i Dal\u00e4lven \u00e4r inne p\u00e5 sitt sextiotredje drift\u00e5r. <\/p>\n<p><img decoding=\"async\" src=\"http:\/\/www.vonklopp.se\/images\/20121\/skedvi_blog-2.jpg\" alt=\"Stora Skedvi kraftstation\" \/><\/p>\n<p>2013 p\u00e5b\u00f6rjas en st\u00f6rre revision, som bland annat omfattar renovering av de b\u00e5da aggregaten. Arbetena ber\u00e4knas vara klara 2014. <\/p>\n<p>Fler bilder och bilder inifr\u00e5n kraftstationen finns <a href=\"http:\/\/www.vonklopp.se\/wordpress\/?p=2206\">h\u00e4r<\/a>.<\/p>\n<p>Views: 14<\/p>","protected":false},"excerpt":{"rendered":"<p>V\u00e5ren har kommit ovanligt tidigt till Stora Skedvi i \u00e5r. Fortums kraftverk i Dal\u00e4lven \u00e4r inne p\u00e5 sitt sextiotredje drift\u00e5r. 2013 p\u00e5b\u00f6rjas en st\u00f6rre revision, som bland annat omfattar renovering av de b\u00e5da aggregaten. Arbetena ber\u00e4knas vara klara 2014. Fler bilder och bilder inifr\u00e5n kraftstationen finns h\u00e4r. Views: 14<\/p>\n<div class=\"wrap-excerpt-more\"><a class=\"excerpt-more\" href=\"https:\/\/www.vonklopp.se\/wordpress\/?p=3625\">Read more<\/a><\/div>\n","protected":false},"author":1,"featured_media":0,"comment_status":"open","ping_status":"open","sticky":false,"template":"","format":"standard","meta":{"_monsterinsights_skip_tracking":false,"_monsterinsights_sitenote_active":false,"_monsterinsights_sitenote_note":"","_monsterinsights_sitenote_category":0,"_s2mail":"yes","footnotes":""},"categories":[142],"tags":[400,178,484,611,372,300,55,375,701,109],"class_list":["post-3625","post","type-post","status-publish","format-standard","hentry","category-industrikultur","tag-dalalven","tag-el","tag-elproduktion","tag-energi","tag-fortum","tag-kraftstation","tag-kraftverk","tag-stora-kopparberg","tag-stora-skedvi","tag-vattenkraft","post--no-featured-image"],"aioseo_notices":[],"_links":{"self":[{"href":"https:\/\/www.vonklopp.se\/wordpress\/index.php?rest_route=\/wp\/v2\/posts\/3625","targetHints":{"allow":["GET"]}}],"collection":[{"href":"https:\/\/www.vonklopp.se\/wordpress\/index.php?rest_route=\/wp\/v2\/posts"}],"about":[{"href":"https:\/\/www.vonklopp.se\/wordpress\/index.php?rest_route=\/wp\/v2\/types\/post"}],"author":[{"embeddable":true,"href":"https:\/\/www.vonklopp.se\/wordpress\/index.php?rest_route=\/wp\/v2\/users\/1"}],"replies":[{"embeddable":true,"href":"https:\/\/www.vonklopp.se\/wordpress\/index.php?rest_route=%2Fwp%2Fv2%2Fcomments&post=3625"}],"version-history":[{"count":3,"href":"https:\/\/www.vonklopp.se\/wordpress\/index.php?rest_route=\/wp\/v2\/posts\/3625\/revisions"}],"predecessor-version":[{"id":3628,"href":"https:\/\/www.vonklopp.se\/wordpress\/index.php?rest_route=\/wp\/v2\/posts\/3625\/revisions\/3628"}],"wp:attachment":[{"href":"https:\/\/www.vonklopp.se\/wordpress\/index.php?rest_route=%2Fwp%2Fv2%2Fmedia&parent=3625"}],"wp:term":[{"taxonomy":"category","embeddable":true,"href":"https:\/\/www.vonklopp.se\/wordpress\/index.php?rest_route=%2Fwp%2Fv2%2Fcategories&post=3625"},{"taxonomy":"post_tag","embeddable":true,"href":"https:\/\/www.vonklopp.se\/wordpress\/index.php?rest_route=%2Fwp%2Fv2%2Ftags&post=3625"}],"curies":[{"name":"wp","href":"https:\/\/api.w.org\/{rel}","templated":true}]}}