{"id":3872,"date":"2012-10-06T13:31:57","date_gmt":"2012-10-06T11:31:57","guid":{"rendered":"http:\/\/www.vonklopp.se\/wordpress\/?p=3872"},"modified":"2012-10-08T07:39:38","modified_gmt":"2012-10-08T05:39:38","slug":"svarthalsforsen","status":"publish","type":"post","link":"https:\/\/www.vonklopp.se\/wordpress\/?p=3872","title":{"rendered":"Svarth\u00e5lsforsen"},"content":{"rendered":"<p><img decoding=\"async\" src=\"http:\/\/www.vonklopp.se\/images\/20123\/svarthalsforsen_blog-7.jpg\" alt=\"Svarth\u00e5lsforsen\" \/><\/p>\n<p>De stora avst\u00e5nden och anl\u00e4ggningarnas storlek vittnar om att elproduktion inte \u00e4r riktigt s\u00e5 enkelt som  en del debatt\u00f6rer vill f\u00e5 oss att tro. Behoven kan inte t\u00e4ckas genom att p\u00e5 kort tid sm\u00e4lla upp n\u00e5gra solpaneler. Ny kapacitet kr\u00e4ver enorma investeringar och l\u00e5ng tid fr\u00e5n beslut till produktion. <\/p>\n<p><img decoding=\"async\" src=\"http:\/\/www.vonklopp.se\/images\/20123\/svarthalsforsen_blog-2.jpg\" alt=\"Svarth\u00e5lsforsen\" \/><\/p>\n<p>Ta Stockholms kommunala energibolag som exempel. Redan p\u00e5 1940-talet hade man ett kraftverk i <a href=\"http:\/\/www.vonklopp.se\/wordpress\/?p=3854\">J\u00e4rpstr\u00f6mmen<\/a> n\u00e4ra Norska gr\u00e4nsen. Kraftverket levererade tillsammans med Kr\u00e5ngede och anl\u00e4ggningar i Dal\u00e4lven under en period mer \u00e4n \u00be av stockholmarnas elektricitet.<\/p>\n<p><img decoding=\"async\" src=\"http:\/\/www.vonklopp.se\/images\/20123\/svarthalsforsen_blog-3.jpg\" alt=\"Svarth\u00e5lsforsen\" \/><\/p>\n<p>J\u00e4rpstr\u00f6mmen kompletterades snart med ytterligare en kraftstation i Indals\u00e4lven, den h\u00e4r g\u00e5ngen i Svarth\u00e5lsforsen inte l\u00e5ngt fr\u00e5n Bispg\u00e5rden. <\/p>\n<p><img decoding=\"async\" src=\"http:\/\/www.vonklopp.se\/images\/20123\/svarthalsforsen_blog-1.jpg\" alt=\"Svarth\u00e5lsforsen\" \/><\/p>\n<p>Svarth\u00e5lsforsen \u00e4r, till skillnad fr\u00e5n J\u00e4rpstr\u00f6mmen, en ovanjordsanl\u00e4ggning. Den v\u00e4l bevarade gula 50-talsbyggnaden ligger vackert omgiven av granskog i Indals\u00e4lvens dalg\u00e5ng.  <\/p>\n<p><img decoding=\"async\" src=\"http:\/\/www.vonklopp.se\/images\/20123\/svarthalsforsen_blog-5.jpg\" alt=\"Svarth\u00e5lsforsen\" \/><\/p>\n<p>Insidan av maskinstationen \u00e4r om m\u00f6jligt \u00e4nnu snyggare. Formerna \u00e4r enkla och avskalade med de olika funktionerna som travers och aggregat m\u00e5lade i starka f\u00e4rger.<\/p>\n<p><img decoding=\"async\" src=\"http:\/\/www.vonklopp.se\/images\/20123\/svarthalsforsen_blog-4.jpg\" alt=\"Svarth\u00e5lsforsen\" \/><\/p>\n<p>I kontrollrummet \u00e4r atmosf\u00e4ren behaglig, med ljusinsl\u00e4pp via en taklanternin. P\u00e5 v\u00e4g in i kontrollrummet m\u00f6ts man av en dekal med texten \u201dV\u00e4lkommen till den offentliga sektorn\u201d &#8211; en p\u00e5minnelse om att det h\u00e4r \u00e4r en bit av Stockholms stad utsl\u00e4ngd i den norrl\u00e4ndska naturen.<\/p>\n<p><img decoding=\"async\" src=\"http:\/\/www.vonklopp.se\/images\/20123\/svarthalsforsen_blog-8.jpg\" alt=\"Svarth\u00e5lsforsen\" \/><\/p>\n<p>Svarth\u00e5lsforsen ligger ensligt och n\u00e4r verket togs i bruk i b\u00f6ran av 1950-talet hade bilismen \u00e4nnu inte f\u00e5tt sitt genombrott. Bolaget valde d\u00e4rf\u00f6r att bygga bost\u00e4der f\u00f6r personal och deras familjer i anslutning till kraftstationen.  Byn finns bevarad men husen \u00e4r idag i privat \u00e4go.<\/p>\n<p><img decoding=\"async\" src=\"http:\/\/www.vonklopp.se\/images\/20123\/svarthalsforsen_blog-9.jpg\" alt=\"Svarth\u00e5lsforsen\" \/><\/p>\n<p>Det ganska anstr\u00e4ngande motlutet mellan bost\u00e4derna och stationen trafikerades av en bergbana som fortfarande st\u00e5r kvar. Bergbanan anv\u00e4ndes flitigt &#8211; inte minst av ungdomarna i byn som fick tillg\u00e5ng till en utm\u00e4rkt skidlift. <\/p>\n<p><img decoding=\"async\" src=\"http:\/\/www.vonklopp.se\/images\/20123\/svarthalsforsen_blog-6.jpg\" alt=\"Svarth\u00e5lsforsen\" \/><\/p>\n<p>Svarth\u00e5lsforsen har i dag tre Kaplanturbiner p\u00e5 tillsammans 80 MW. Kraftverket \u00e4gs sedan 2001 av Fortum.<\/p>\n<p>Tack till Bertil Olofsson!<\/p>\n<p>Views: 105<\/p>","protected":false},"excerpt":{"rendered":"<p>De stora avst\u00e5nden och anl\u00e4ggningarnas storlek vittnar om att elproduktion inte \u00e4r riktigt s\u00e5 enkelt som en del debatt\u00f6rer vill f\u00e5 oss att tro. Behoven kan inte t\u00e4ckas genom att p\u00e5 kort tid sm\u00e4lla upp n\u00e5gra solpaneler. Ny kapacitet kr\u00e4ver enorma investeringar och l\u00e5ng tid fr\u00e5n beslut till produktion. Ta &hellip;<\/p>\n<div class=\"wrap-excerpt-more\"><a class=\"excerpt-more\" href=\"https:\/\/www.vonklopp.se\/wordpress\/?p=3872\">Read more<\/a><\/div>\n","protected":false},"author":1,"featured_media":0,"comment_status":"open","ping_status":"open","sticky":false,"template":"","format":"standard","meta":{"_monsterinsights_skip_tracking":false,"_monsterinsights_sitenote_active":false,"_monsterinsights_sitenote_note":"","_monsterinsights_sitenote_category":0,"_s2mail":"yes","footnotes":""},"categories":[142,755],"tags":[764,178,484,611,372,238,300,55,356,712,762,761,763,321,109],"class_list":["post-3872","post","type-post","status-publish","format-standard","hentry","category-industrikultur","category-svenska-kraftverk","tag-bergbana","tag-el","tag-elproduktion","tag-energi","tag-fortum","tag-kaplanturbin","tag-kraftstation","tag-kraftverk","tag-kran","tag-stockholm","tag-stockholms-elverk","tag-stockholms-energi","tag-svarthalsforsen","tag-turbin","tag-vattenkraft","post--no-featured-image"],"aioseo_notices":[],"_links":{"self":[{"href":"https:\/\/www.vonklopp.se\/wordpress\/index.php?rest_route=\/wp\/v2\/posts\/3872","targetHints":{"allow":["GET"]}}],"collection":[{"href":"https:\/\/www.vonklopp.se\/wordpress\/index.php?rest_route=\/wp\/v2\/posts"}],"about":[{"href":"https:\/\/www.vonklopp.se\/wordpress\/index.php?rest_route=\/wp\/v2\/types\/post"}],"author":[{"embeddable":true,"href":"https:\/\/www.vonklopp.se\/wordpress\/index.php?rest_route=\/wp\/v2\/users\/1"}],"replies":[{"embeddable":true,"href":"https:\/\/www.vonklopp.se\/wordpress\/index.php?rest_route=%2Fwp%2Fv2%2Fcomments&post=3872"}],"version-history":[{"count":19,"href":"https:\/\/www.vonklopp.se\/wordpress\/index.php?rest_route=\/wp\/v2\/posts\/3872\/revisions"}],"predecessor-version":[{"id":3891,"href":"https:\/\/www.vonklopp.se\/wordpress\/index.php?rest_route=\/wp\/v2\/posts\/3872\/revisions\/3891"}],"wp:attachment":[{"href":"https:\/\/www.vonklopp.se\/wordpress\/index.php?rest_route=%2Fwp%2Fv2%2Fmedia&parent=3872"}],"wp:term":[{"taxonomy":"category","embeddable":true,"href":"https:\/\/www.vonklopp.se\/wordpress\/index.php?rest_route=%2Fwp%2Fv2%2Fcategories&post=3872"},{"taxonomy":"post_tag","embeddable":true,"href":"https:\/\/www.vonklopp.se\/wordpress\/index.php?rest_route=%2Fwp%2Fv2%2Ftags&post=3872"}],"curies":[{"name":"wp","href":"https:\/\/api.w.org\/{rel}","templated":true}]}}