{"id":4962,"date":"2014-05-16T11:16:13","date_gmt":"2014-05-16T09:16:13","guid":{"rendered":"http:\/\/www.vonklopp.se\/wordpress\/?p=4962"},"modified":"2014-05-16T11:22:31","modified_gmt":"2014-05-16T09:22:31","slug":"midskog","status":"publish","type":"post","link":"https:\/\/www.vonklopp.se\/wordpress\/?p=4962","title":{"rendered":"Midskog"},"content":{"rendered":"<p><a href=\"http:\/\/www.vonklopp.se\/wordpress\/wp-content\/uploads\/2014\/05\/midskog_blog-112.jpg\" class=\"link-to-image js-link-to-image\"><img loading=\"lazy\" decoding=\"async\" class=\"aligncenter size-full wp-image-4950\" src=\"http:\/\/www.vonklopp.se\/wordpress\/wp-content\/uploads\/2014\/05\/midskog_blog-112.jpg\" alt=\"midskog_blog-11\" width=\"700\" height=\"467\" \/><\/a><\/p>\n<p>Vattenfalls kraftverk Midskog i Indals\u00e4lven byggdes under p\u00e5g\u00e5ende v\u00e4rldskrig 1941-1944. Br\u00e4nslebristen och det d\u00e5ligt utbyggda v\u00e4gn\u00e4tet gjorde att man m\u00e5ste ordna boende f\u00f6r anl\u00e4ggarna intill byggplatsen.<\/p>\n<p><a href=\"http:\/\/www.vonklopp.se\/wordpress\/wp-content\/uploads\/2014\/05\/midskog_blog-51.jpg\" class=\"link-to-image js-link-to-image\"><img loading=\"lazy\" decoding=\"async\" class=\"aligncenter size-full wp-image-4943\" src=\"http:\/\/www.vonklopp.se\/wordpress\/wp-content\/uploads\/2014\/05\/midskog_blog-51.jpg\" alt=\"midskog_blog-5\" width=\"700\" height=\"467\" \/><\/a><\/p>\n<p>Runt Midskog var det glest befolkat och m\u00f6jligheterna att inkvartera anl\u00e4ggarna i privata hem sm\u00e5. Man ville till varje pris undvika den typ av k\u00e5kst\u00e4der som byggts i anslutning till bygget av Porjus kraftverk.<\/p>\n<p><a href=\"http:\/\/www.vonklopp.se\/wordpress\/wp-content\/uploads\/2014\/05\/midskog_blog-22.jpg\" class=\"link-to-image js-link-to-image\"><img loading=\"lazy\" decoding=\"async\" class=\"alignnone wp-image-4959 size-full\" src=\"http:\/\/www.vonklopp.se\/wordpress\/wp-content\/uploads\/2014\/05\/midskog_blog-22.jpg\" alt=\"midskog_blog-2\" width=\"350\" height=\"525\" \/><\/a><\/p>\n<p>Midskog blev d\u00e4rf\u00f6r Vattenfalls f\u00f6rsta provisoriska anl\u00e4ggarsamh\u00e4lle och lite av en prototyp f\u00f6r senare byggen i bland annat <a href=\"http:\/\/www.vonklopp.se\/wordpress\/?p=2010\">Harspr\u00e5nget<\/a> och <a href=\"http:\/\/www.vonklopp.se\/wordpress\/?p=1990\">Messaure<\/a>.<\/p>\n<p><a href=\"http:\/\/www.vonklopp.se\/wordpress\/wp-content\/uploads\/2014\/05\/midskog_blog-13.jpg\" class=\"link-to-image js-link-to-image\"><img loading=\"lazy\" decoding=\"async\" class=\"aligncenter size-full wp-image-4960\" src=\"http:\/\/www.vonklopp.se\/wordpress\/wp-content\/uploads\/2014\/05\/midskog_blog-13.jpg\" alt=\"midskog_blog-1\" width=\"700\" height=\"467\" \/><\/a><\/p>\n<p>N\u00e4r projektet startade 1941 uppf\u00f6rdes kontors- och f\u00f6rr\u00e5dsbyggnader samt 18 s\u00e5 kallade Agellt\u00e4lt av masonit. 16 av t\u00e4lten anv\u00e4ndes f\u00f6r f\u00f6rl\u00e4ggning och tv\u00e5 fungerade som matsalar. F\u00f6r math\u00e5llningen svarade arm\u00e9lottor fr\u00e5n Stugun.<\/p>\n<p><a href=\"http:\/\/www.vonklopp.se\/wordpress\/wp-content\/uploads\/2014\/05\/midskog_blog-72.jpg\" class=\"link-to-image js-link-to-image\"><img loading=\"lazy\" decoding=\"async\" class=\"alignnone wp-image-4954 size-full\" src=\"http:\/\/www.vonklopp.se\/wordpress\/wp-content\/uploads\/2014\/05\/midskog_blog-72.jpg\" alt=\"midskog_blog-7\" width=\"350\" height=\"525\" \/><\/a><\/p>\n<p>Runt \u00e5rsskiftet 1941-42 stod de f\u00f6rsta familjebost\u00e4derna f\u00e4rdiga. Servicen i samh\u00e4llet byggdes ut och omfattade snart post och telestation, l\u00e4sestuga samt bad- och tv\u00e4ttstuga. I slutet av 1942 hade arbetsstyrkan v\u00e4xt till n\u00e4rmare 1000 man samtidigt som samh\u00e4llet ut\u00f6kats med sjukstuga, marketenteri, samlingslokal och aff\u00e4r.<\/p>\n<p><a href=\"http:\/\/www.vonklopp.se\/wordpress\/wp-content\/uploads\/2014\/05\/midskog_blog-92.jpg\" class=\"link-to-image js-link-to-image\"><img loading=\"lazy\" decoding=\"async\" class=\"aligncenter size-full wp-image-4952\" src=\"http:\/\/www.vonklopp.se\/wordpress\/wp-content\/uploads\/2014\/05\/midskog_blog-92.jpg\" alt=\"midskog_blog-9\" width=\"700\" height=\"467\" \/><\/a><\/p>\n<p>Som mest bodde n\u00e4stan 1700 personer i Midskog. Det fanns 136 egnahem, 29 ungkarlsbaracker och f\u00f6rl\u00e4ggningar f\u00f6r ogifta tj\u00e4nstem\u00e4n. I samh\u00e4llet bodde tidvis upp till 70 barn och en skola var i drift fr\u00e5n h\u00f6sten 1942 till v\u00e5ren 1944.<\/p>\n<p><a href=\"http:\/\/www.vonklopp.se\/wordpress\/wp-content\/uploads\/2014\/05\/midskog_blog-102.jpg\" class=\"link-to-image js-link-to-image\"><img loading=\"lazy\" decoding=\"async\" class=\"aligncenter size-full wp-image-4951\" src=\"http:\/\/www.vonklopp.se\/wordpress\/wp-content\/uploads\/2014\/05\/midskog_blog-102.jpg\" alt=\"midskog_blog-10\" width=\"700\" height=\"467\" \/><\/a><\/p>\n<p>N\u00e4r kraftverket var f\u00e4rdigt att tas i bruk drog anl\u00e4ggarna vidare till nya byggen. Mycket av servicen i samh\u00e4llet f\u00f6rsvann men flera av husen stod kvar \u00e4nda in p\u00e5 1990-talet. Idag \u00e5terst\u00e5r bara tre f\u00f6re detta maskinistbost\u00e4der vilka sedan m\u00e5nga \u00e5r \u00e4r privat\u00e4gda.<\/p>\n<p><a href=\"http:\/\/www.vonklopp.se\/wordpress\/wp-content\/uploads\/2014\/05\/midskog_blog-82.jpg\" class=\"link-to-image js-link-to-image\"><img loading=\"lazy\" decoding=\"async\" class=\"aligncenter size-full wp-image-4953\" src=\"http:\/\/www.vonklopp.se\/wordpress\/wp-content\/uploads\/2014\/05\/midskog_blog-82.jpg\" alt=\"midskog_blog-8\" width=\"700\" height=\"467\" \/><\/a><\/p>\n<p>M\u00e4ssbyggnaden p\u00e5 bilderna revs nyligen och idag \u00e5terst\u00e5r bara en grusplan f\u00f6r uppst\u00e4llning av husvagnar.<\/p>\n<p><a href=\"http:\/\/www.vonklopp.se\/wordpress\/wp-content\/uploads\/2014\/05\/midskog_blog-41.jpg\" class=\"link-to-image js-link-to-image\"><img loading=\"lazy\" decoding=\"async\" class=\"aligncenter size-full wp-image-4942\" src=\"http:\/\/www.vonklopp.se\/wordpress\/wp-content\/uploads\/2014\/05\/midskog_blog-41.jpg\" alt=\"midskog_blog-4\" width=\"700\" height=\"467\" \/><\/a><\/p>\n<p>L\u00e4ngs v\u00e4gen till kraftstationen kan man fortfarande se murar, tr\u00e4dg\u00e5rdar och trappor &#8211; sp\u00e5r av det som under ett par \u00e5r var ett av J\u00e4mtlands st\u00f6rre samh\u00e4llen.<\/p>\n<p>Views: 60<\/p>","protected":false},"excerpt":{"rendered":"<p>Vattenfalls kraftverk Midskog i Indals\u00e4lven byggdes under p\u00e5g\u00e5ende v\u00e4rldskrig 1941-1944. Br\u00e4nslebristen och det d\u00e5ligt utbyggda v\u00e4gn\u00e4tet gjorde att man m\u00e5ste ordna boende f\u00f6r anl\u00e4ggarna intill byggplatsen. Runt Midskog var det glest befolkat och m\u00f6jligheterna att inkvartera anl\u00e4ggarna i privata hem sm\u00e5. Man ville till varje pris undvika den typ av &hellip;<\/p>\n<div class=\"wrap-excerpt-more\"><a class=\"excerpt-more\" href=\"https:\/\/www.vonklopp.se\/wordpress\/?p=4962\">Read more<\/a><\/div>\n","protected":false},"author":1,"featured_media":4961,"comment_status":"open","ping_status":"open","sticky":false,"template":"","format":"standard","meta":{"_monsterinsights_skip_tracking":false,"_monsterinsights_sitenote_active":false,"_monsterinsights_sitenote_note":"","_monsterinsights_sitenote_category":0,"_s2mail":"yes","footnotes":""},"categories":[755],"tags":[863,864,499,55,865,85,5,109],"class_list":["post-4962","post","type-post","status-publish","format-standard","has-post-thumbnail","hentry","category-svenska-kraftverk","tag-anlaggare","tag-anlaggarsamhalle","tag-indalsalven","tag-kraftverk","tag-midskog","tag-ode","tag-overgivet","tag-vattenkraft","post--featured-image"],"aioseo_notices":[],"_links":{"self":[{"href":"https:\/\/www.vonklopp.se\/wordpress\/index.php?rest_route=\/wp\/v2\/posts\/4962","targetHints":{"allow":["GET"]}}],"collection":[{"href":"https:\/\/www.vonklopp.se\/wordpress\/index.php?rest_route=\/wp\/v2\/posts"}],"about":[{"href":"https:\/\/www.vonklopp.se\/wordpress\/index.php?rest_route=\/wp\/v2\/types\/post"}],"author":[{"embeddable":true,"href":"https:\/\/www.vonklopp.se\/wordpress\/index.php?rest_route=\/wp\/v2\/users\/1"}],"replies":[{"embeddable":true,"href":"https:\/\/www.vonklopp.se\/wordpress\/index.php?rest_route=%2Fwp%2Fv2%2Fcomments&post=4962"}],"version-history":[{"count":11,"href":"https:\/\/www.vonklopp.se\/wordpress\/index.php?rest_route=\/wp\/v2\/posts\/4962\/revisions"}],"predecessor-version":[{"id":4973,"href":"https:\/\/www.vonklopp.se\/wordpress\/index.php?rest_route=\/wp\/v2\/posts\/4962\/revisions\/4973"}],"wp:featuredmedia":[{"embeddable":true,"href":"https:\/\/www.vonklopp.se\/wordpress\/index.php?rest_route=\/wp\/v2\/media\/4961"}],"wp:attachment":[{"href":"https:\/\/www.vonklopp.se\/wordpress\/index.php?rest_route=%2Fwp%2Fv2%2Fmedia&parent=4962"}],"wp:term":[{"taxonomy":"category","embeddable":true,"href":"https:\/\/www.vonklopp.se\/wordpress\/index.php?rest_route=%2Fwp%2Fv2%2Fcategories&post=4962"},{"taxonomy":"post_tag","embeddable":true,"href":"https:\/\/www.vonklopp.se\/wordpress\/index.php?rest_route=%2Fwp%2Fv2%2Ftags&post=4962"}],"curies":[{"name":"wp","href":"https:\/\/api.w.org\/{rel}","templated":true}]}}