{"id":4980,"date":"2014-05-22T22:12:18","date_gmt":"2014-05-22T20:12:18","guid":{"rendered":"http:\/\/www.vonklopp.se\/wordpress\/?p=4980"},"modified":"2014-06-03T19:10:27","modified_gmt":"2014-06-03T17:10:27","slug":"bilder-fran-en-rivning","status":"publish","type":"post","link":"https:\/\/www.vonklopp.se\/wordpress\/?p=4980","title":{"rendered":"Bilder fr\u00e5n en rivning"},"content":{"rendered":"<p><a href=\"http:\/\/www.vonklopp.se\/wordpress\/wp-content\/uploads\/2014\/05\/linbana_blog-6.jpg\" class=\"link-to-image js-link-to-image\"><img loading=\"lazy\" decoding=\"async\" class=\"alignleft wp-image-4979 size-full\" src=\"http:\/\/www.vonklopp.se\/wordpress\/wp-content\/uploads\/2014\/05\/linbana_blog-6.jpg\" alt=\"linbana_blog-6\" width=\"700\" height=\"394\" \/><\/a><\/p>\n<p>Rivningen av den 42 kilometer l\u00e5nga kalklinbanan mellan Forsby och K\u00f6ping p\u00e5b\u00f6rjades, som jag skrivit om <a href=\"http:\/\/www.vonklopp.se\/wordpress\/?p=4425\">tidigare p\u00e5 bloggen<\/a>, sommaren 2013.<\/p>\n<p>S\u00e5 h\u00e4r l\u00e5ngt har drag och b\u00e4rlinor tagits bort p\u00e5 alla str\u00e4ckor utom den mellan Malmberga och Granhammar. Flertalet vagnar har g\u00e5tt in i det s\u00e5 kallade kretsloppet och \u00e4r nu konservburkar eller armeringsj\u00e4rn.<\/p>\n<p><a href=\"http:\/\/www.vonklopp.se\/wordpress\/wp-content\/uploads\/2014\/05\/linbana_blog-1.jpg\" class=\"link-to-image js-link-to-image\"><img loading=\"lazy\" decoding=\"async\" class=\"alignleft size-full wp-image-4974\" src=\"http:\/\/www.vonklopp.se\/wordpress\/wp-content\/uploads\/2014\/05\/linbana_blog-1.jpg\" alt=\"linbana_blog-1\" width=\"700\" height=\"394\" \/><\/a><\/p>\n<p>In i det sista p\u00e5gick anstr\u00e4ngningar f\u00f6r att bevara \u00e5tminstone en av fyra sektioner men det stupade p\u00e5 att flera mark\u00e4gare motsatte sig nya servitut.<\/p>\n<p><a href=\"http:\/\/www.vonklopp.se\/wordpress\/wp-content\/uploads\/2014\/05\/linbana_blog-2.jpg\" class=\"link-to-image js-link-to-image\"><img loading=\"lazy\" decoding=\"async\" class=\"alignleft size-full wp-image-4975\" src=\"http:\/\/www.vonklopp.se\/wordpress\/wp-content\/uploads\/2014\/05\/linbana_blog-2.jpg\" alt=\"linbana_blog-2\" width=\"700\" height=\"394\" \/><\/a><\/p>\n<p>Men fr\u00e5gan \u00e4r om det inte var k\u00f6rt l\u00e5ngt tidigare. Redan i b\u00f6rjan av 2000-talet misslyckades man med att bilda en stiftelse som skulle bevara hela banan. Sedan dess har ingen trov\u00e4rdig \u00e4gare, med ekonomiska muskler att ta \u00f6ver, dykt upp. 2012 ans\u00f6kte \u00e4garen om rivningslov och d\u00e5 p\u00e5b\u00f6rjades en process som inte g\u00e5tt att stoppa.<\/p>\n<p><a href=\"http:\/\/www.vonklopp.se\/wordpress\/wp-content\/uploads\/2014\/05\/linbana_blog-4.jpg\" class=\"link-to-image js-link-to-image\"><img loading=\"lazy\" decoding=\"async\" class=\"alignleft size-full wp-image-4977\" src=\"http:\/\/www.vonklopp.se\/wordpress\/wp-content\/uploads\/2014\/05\/linbana_blog-4.jpg\" alt=\"linbana_blog-4\" width=\"700\" height=\"394\" \/><\/a><\/p>\n<p>Det som \u00e4r uppenbart \u00e4r att industriell verksamhet och industrins kulturmilj\u00f6er har l\u00e5g status i Sverige. Man vinner inte val p\u00e5 att satsa offentliga medel i industriminnen och nu f\u00f6rsvinner den kanske b\u00e4st bevarade industrilinbanan i v\u00e4rlden fr\u00e5n\u00a0 Sverige.<\/p>\n<p><a href=\"http:\/\/www.vonklopp.se\/wordpress\/wp-content\/uploads\/2014\/05\/linbana_blog-3.jpg\" class=\"link-to-image js-link-to-image\"><img loading=\"lazy\" decoding=\"async\" class=\"alignleft size-full wp-image-4976\" src=\"http:\/\/www.vonklopp.se\/wordpress\/wp-content\/uploads\/2014\/05\/linbana_blog-3.jpg\" alt=\"linbana_blog-3\" width=\"700\" height=\"394\" \/><\/a><\/p>\n<p>Under vintern och v\u00e5ren verkar arbetet med rivningen stannat av. Som lekman f\u00e5r man intrycket att det var v\u00e4ldigt br\u00e5ttom att g\u00f6ra banan helt obrukbar och d\u00e4rmed f\u00e5 stopp p\u00e5 diskussionerna om ett bevarande. Att bila ner och forsla bort betongen verkar ha l\u00e4gre prioritet.<\/p>\n<p>Views: 15<\/p>","protected":false},"excerpt":{"rendered":"<p>Rivningen av den 42 kilometer l\u00e5nga kalklinbanan mellan Forsby och K\u00f6ping p\u00e5b\u00f6rjades, som jag skrivit om tidigare p\u00e5 bloggen, sommaren 2013. S\u00e5 h\u00e4r l\u00e5ngt har drag och b\u00e4rlinor tagits bort p\u00e5 alla str\u00e4ckor utom den mellan Malmberga och Granhammar. Flertalet vagnar har g\u00e5tt in i det s\u00e5 kallade kretsloppet och &hellip;<\/p>\n<div class=\"wrap-excerpt-more\"><a class=\"excerpt-more\" href=\"https:\/\/www.vonklopp.se\/wordpress\/?p=4980\">Read more<\/a><\/div>\n","protected":false},"author":1,"featured_media":4976,"comment_status":"open","ping_status":"open","sticky":false,"template":"","format":"standard","meta":{"_monsterinsights_skip_tracking":false,"_monsterinsights_sitenote_active":false,"_monsterinsights_sitenote_note":"","_monsterinsights_sitenote_category":0,"_s2mail":"yes","footnotes":""},"categories":[1,142],"tags":[952,444,774,866,773,794,820],"class_list":["post-4980","post","type-post","status-publish","format-standard","has-post-thumbnail","hentry","category-det-gar-bra-for-sverige","category-industrikultur","tag-industrikultur","tag-industriminne","tag-kalklinbana","tag-kulturmiljo","tag-linbana","tag-nordkalk","tag-rivning","post--featured-image"],"aioseo_notices":[],"_links":{"self":[{"href":"https:\/\/www.vonklopp.se\/wordpress\/index.php?rest_route=\/wp\/v2\/posts\/4980","targetHints":{"allow":["GET"]}}],"collection":[{"href":"https:\/\/www.vonklopp.se\/wordpress\/index.php?rest_route=\/wp\/v2\/posts"}],"about":[{"href":"https:\/\/www.vonklopp.se\/wordpress\/index.php?rest_route=\/wp\/v2\/types\/post"}],"author":[{"embeddable":true,"href":"https:\/\/www.vonklopp.se\/wordpress\/index.php?rest_route=\/wp\/v2\/users\/1"}],"replies":[{"embeddable":true,"href":"https:\/\/www.vonklopp.se\/wordpress\/index.php?rest_route=%2Fwp%2Fv2%2Fcomments&post=4980"}],"version-history":[{"count":12,"href":"https:\/\/www.vonklopp.se\/wordpress\/index.php?rest_route=\/wp\/v2\/posts\/4980\/revisions"}],"predecessor-version":[{"id":4992,"href":"https:\/\/www.vonklopp.se\/wordpress\/index.php?rest_route=\/wp\/v2\/posts\/4980\/revisions\/4992"}],"wp:featuredmedia":[{"embeddable":true,"href":"https:\/\/www.vonklopp.se\/wordpress\/index.php?rest_route=\/wp\/v2\/media\/4976"}],"wp:attachment":[{"href":"https:\/\/www.vonklopp.se\/wordpress\/index.php?rest_route=%2Fwp%2Fv2%2Fmedia&parent=4980"}],"wp:term":[{"taxonomy":"category","embeddable":true,"href":"https:\/\/www.vonklopp.se\/wordpress\/index.php?rest_route=%2Fwp%2Fv2%2Fcategories&post=4980"},{"taxonomy":"post_tag","embeddable":true,"href":"https:\/\/www.vonklopp.se\/wordpress\/index.php?rest_route=%2Fwp%2Fv2%2Ftags&post=4980"}],"curies":[{"name":"wp","href":"https:\/\/api.w.org\/{rel}","templated":true}]}}