{"id":5222,"date":"2015-02-02T13:25:58","date_gmt":"2015-02-02T11:25:58","guid":{"rendered":"http:\/\/www.vonklopp.se\/wordpress\/?p=5222"},"modified":"2015-02-02T13:25:58","modified_gmt":"2015-02-02T11:25:58","slug":"juveln","status":"publish","type":"post","link":"https:\/\/www.vonklopp.se\/wordpress\/?p=5222","title":{"rendered":"Juveln"},"content":{"rendered":"<p><a href=\"http:\/\/www.vonklopp.se\/wordpress\/wp-content\/uploads\/2015\/02\/juveln_blog-3.jpg\" class=\"link-to-image js-link-to-image\"><img loading=\"lazy\" decoding=\"async\" class=\"aligncenter size-full wp-image-5226\" src=\"http:\/\/www.vonklopp.se\/wordpress\/wp-content\/uploads\/2015\/02\/juveln_blog-3.jpg\" alt=\"juveln_blog-3\" width=\"700\" height=\"525\" \/><\/a><\/p>\n<p>Indals\u00e4lvens regleringsf\u00f6rening bildades i \u00d6stersund i mars 1920. Bland initiativtagarna fanns de f\u00f6retag som byggt eller planerade att bygga kraftverk i \u00e4lven, bland andra <a href=\"http:\/\/www.vonklopp.se\/wordpress\/?p=3678\">Kr\u00e5ngede AB<\/a> och Eggfors AB. Till ordf\u00f6rande f\u00f6r f\u00f6reningen uts\u00e5gs den d\u00e5varande generaldirekt\u00f6ren f\u00f6r Vattenfallsstyrelsen Fredrik Vilhelm Hansen. Under de f\u00f6rsta \u00e5ren var verksamheten ganska blygsam vilket till stor del berodde p\u00e5 1920-talets l\u00e5ngvariga och djupa l\u00e5gkonjunktur. N\u00e4r ekonomin \u00e5terh\u00e4mtade sig i b\u00f6rjan av 1930-talet p\u00e5b\u00f6rjades de f\u00f6rsta st\u00f6rre regleringsarbetena. 1936 reglerades sj\u00f6n Torr\u00f6n som l\u00e5g \u00f6verst i den s\u00e5 kallade Kallsj\u00f6gruppen.<\/p>\n<p>Vid andra v\u00e4rldskrigets utbrott 1939 antogs lagen om tillf\u00e4llig vattenreglering f\u00f6r att snabbt kunna bygga ut den inhemska vattenkraften. Regelverket f\u00f6renklades och vattendomstolarnas arbete snabbades upp betydligt. Processer om reglering av sj\u00f6arna Anjan, Juveln, Storrensj\u00f6n, Kallsj\u00f6n och N\u00e4kten p\u00e5b\u00f6rjades omedelbart efter riksdagsbeslutet.<\/p>\n<p><a href=\"http:\/\/www.vonklopp.se\/wordpress\/wp-content\/uploads\/2015\/02\/juveln_blog-2.jpg\" class=\"link-to-image js-link-to-image\"><img loading=\"lazy\" decoding=\"async\" class=\"aligncenter size-full wp-image-5225\" src=\"http:\/\/www.vonklopp.se\/wordpress\/wp-content\/uploads\/2015\/02\/juveln_blog-2.jpg\" alt=\"juveln_blog-2\" width=\"700\" height=\"525\" \/><\/a><\/p>\n<p>F\u00f6rberedande unders\u00f6kningar om reglering av Juveln hade utf\u00f6rts 1931-1932 och ans\u00f6kan om reglering l\u00e4mnades in i mars 1940. Ett halv\u00e5r senare p\u00e5b\u00f6rjades arbetena med en regleringsdamm som kunde tas i bruk redan 1941. Magasinvolymen uppgick till 300 miljoner kubikmeter och den totala kostnaden f\u00f6r bygget till 1,51 miljoner kronor. Den tillf\u00e4lliga vattendomen fr\u00e5n 1940 f\u00f6rl\u00e4ngdes flera g\u00e5nger och det dr\u00f6jde \u00e4nda till 1962 innan den kunde fastst\u00e4llas slutligt.<\/p>\n<p><a href=\"http:\/\/www.vonklopp.se\/wordpress\/wp-content\/uploads\/2015\/02\/juveln_blog-1.jpg\" class=\"link-to-image js-link-to-image\"><img loading=\"lazy\" decoding=\"async\" class=\"aligncenter size-full wp-image-5224\" src=\"http:\/\/www.vonklopp.se\/wordpress\/wp-content\/uploads\/2015\/02\/juveln_blog-1.jpg\" alt=\"juveln_blog-1\" width=\"700\" height=\"525\" \/><\/a><\/p>\n<p>Under de f\u00f6rsta decennierna fungerade Kallsj\u00f6arna enbart som magasin f\u00f6r kraftverk nedstr\u00f6ms i \u00e4lven. Det skulle dr\u00f6ja \u00e4nda till 1970-talet innan man byggde kraftverk som utnyttjade fallen inom sj\u00f6systemet. I Juveln \u00e4r fallh\u00f6jden bara 11 meter och det var f\u00f6rst n\u00e4r man b\u00f6rjade bygga r\u00f6rturbiner \u2013 aggregat som har generatorn monterad i vattenv\u00e4gen &#8211; som det blev ekonomiskt f\u00f6rsvarbart att anl\u00e4gga ett kraftverk. Juvelns kraftverk byggdes av <a href=\"http:\/\/www.vonklopp.se\/wordpress\/?p=2787\">Avesta Jernverk<\/a> och <a href=\"http:\/\/www.vonklopp.se\/wordpress\/?p=3872\">AB Svarth\u00e5lsforsen<\/a> och stod klart 1979. Det ensamma aggregatet levererar maximalt 15 MW vid ett fl\u00f6de av 150 kubikmeter per sekund.<\/p>\n<p>Views: 25<\/p>","protected":false},"excerpt":{"rendered":"<p>Indals\u00e4lvens regleringsf\u00f6rening bildades i \u00d6stersund i mars 1920. Bland initiativtagarna fanns de f\u00f6retag som byggt eller planerade att bygga kraftverk i \u00e4lven, bland andra Kr\u00e5ngede AB och Eggfors AB. Till ordf\u00f6rande f\u00f6r f\u00f6reningen uts\u00e5gs den d\u00e5varande generaldirekt\u00f6ren f\u00f6r Vattenfallsstyrelsen Fredrik Vilhelm Hansen. Under de f\u00f6rsta \u00e5ren var verksamheten ganska blygsam &hellip;<\/p>\n<div class=\"wrap-excerpt-more\"><a class=\"excerpt-more\" href=\"https:\/\/www.vonklopp.se\/wordpress\/?p=5222\">Read more<\/a><\/div>\n","protected":false},"author":1,"featured_media":5223,"comment_status":"open","ping_status":"open","sticky":false,"template":"","format":"standard","meta":{"_monsterinsights_skip_tracking":false,"_monsterinsights_sitenote_active":false,"_monsterinsights_sitenote_note":"","_monsterinsights_sitenote_category":0,"_s2mail":"yes","footnotes":""},"categories":[755],"tags":[372,499,896,897,300,55,895],"class_list":["post-5222","post","type-post","status-publish","format-standard","has-post-thumbnail","hentry","category-svenska-kraftverk","tag-fortum","tag-indalsalven","tag-juveln","tag-kallsedet","tag-kraftstation","tag-kraftverk","tag-vinter","post--featured-image"],"aioseo_notices":[],"_links":{"self":[{"href":"https:\/\/www.vonklopp.se\/wordpress\/index.php?rest_route=\/wp\/v2\/posts\/5222","targetHints":{"allow":["GET"]}}],"collection":[{"href":"https:\/\/www.vonklopp.se\/wordpress\/index.php?rest_route=\/wp\/v2\/posts"}],"about":[{"href":"https:\/\/www.vonklopp.se\/wordpress\/index.php?rest_route=\/wp\/v2\/types\/post"}],"author":[{"embeddable":true,"href":"https:\/\/www.vonklopp.se\/wordpress\/index.php?rest_route=\/wp\/v2\/users\/1"}],"replies":[{"embeddable":true,"href":"https:\/\/www.vonklopp.se\/wordpress\/index.php?rest_route=%2Fwp%2Fv2%2Fcomments&post=5222"}],"version-history":[{"count":9,"href":"https:\/\/www.vonklopp.se\/wordpress\/index.php?rest_route=\/wp\/v2\/posts\/5222\/revisions"}],"predecessor-version":[{"id":5235,"href":"https:\/\/www.vonklopp.se\/wordpress\/index.php?rest_route=\/wp\/v2\/posts\/5222\/revisions\/5235"}],"wp:featuredmedia":[{"embeddable":true,"href":"https:\/\/www.vonklopp.se\/wordpress\/index.php?rest_route=\/wp\/v2\/media\/5223"}],"wp:attachment":[{"href":"https:\/\/www.vonklopp.se\/wordpress\/index.php?rest_route=%2Fwp%2Fv2%2Fmedia&parent=5222"}],"wp:term":[{"taxonomy":"category","embeddable":true,"href":"https:\/\/www.vonklopp.se\/wordpress\/index.php?rest_route=%2Fwp%2Fv2%2Fcategories&post=5222"},{"taxonomy":"post_tag","embeddable":true,"href":"https:\/\/www.vonklopp.se\/wordpress\/index.php?rest_route=%2Fwp%2Fv2%2Ftags&post=5222"}],"curies":[{"name":"wp","href":"https:\/\/api.w.org\/{rel}","templated":true}]}}