{"id":5824,"date":"2016-05-02T19:19:29","date_gmt":"2016-05-02T17:19:29","guid":{"rendered":"http:\/\/www.vonklopp.se\/wordpress\/?p=5824"},"modified":"2016-05-03T19:38:46","modified_gmt":"2016-05-03T17:38:46","slug":"sista-chansen","status":"publish","type":"post","link":"https:\/\/www.vonklopp.se\/wordpress\/?p=5824","title":{"rendered":"Sista chansen"},"content":{"rendered":"<figure id=\"attachment_5825\" aria-describedby=\"caption-attachment-5825\" style=\"width: 700px\" class=\"wp-caption aligncenter\"><a href=\"http:\/\/www.vonklopp.se\/wordpress\/wp-content\/uploads\/2016\/05\/brunn-2.jpg\" class=\"link-to-image js-link-to-image\"><img loading=\"lazy\" decoding=\"async\" src=\"http:\/\/www.vonklopp.se\/wordpress\/wp-content\/uploads\/2016\/05\/brunn-2.jpg\" alt=\"Br\u00e4nslebrunn, R3\/Adam i \u00c5gesta.\" width=\"700\" height=\"700\" class=\"size-full wp-image-5825\" srcset=\"https:\/\/www.vonklopp.se\/wordpress\/wp-content\/uploads\/2016\/05\/brunn-2.jpg 700w, https:\/\/www.vonklopp.se\/wordpress\/wp-content\/uploads\/2016\/05\/brunn-2-150x150.jpg 150w, https:\/\/www.vonklopp.se\/wordpress\/wp-content\/uploads\/2016\/05\/brunn-2-300x300.jpg 300w, https:\/\/www.vonklopp.se\/wordpress\/wp-content\/uploads\/2016\/05\/brunn-2-90x90.jpg 90w, https:\/\/www.vonklopp.se\/wordpress\/wp-content\/uploads\/2016\/05\/brunn-2-220x220.jpg 220w, https:\/\/www.vonklopp.se\/wordpress\/wp-content\/uploads\/2016\/05\/brunn-2-328x328.jpg 328w, https:\/\/www.vonklopp.se\/wordpress\/wp-content\/uploads\/2016\/05\/brunn-2-656x656.jpg 656w, https:\/\/www.vonklopp.se\/wordpress\/wp-content\/uploads\/2016\/05\/brunn-2-500x500.jpg 500w\" sizes=\"auto, (max-width: 700px) 100vw, 700px\" \/><\/a><figcaption id=\"caption-attachment-5825\" class=\"wp-caption-text\">Br\u00e4nslebrunn, R3\/Adam i \u00c5gesta.<\/figcaption><\/figure>\n<p><a href=\"http:\/\/www.flygvapenmuseum.se\/Utstallningar\/en-svensk-atombomb\/\">Utst\u00e4llningen En svensk atombomb p\u00e5 Flygvapenmuseum<\/a> \u00e4r inne p\u00e5 sista veckan. Jag vill passa p\u00e5 att tacka alla som h\u00f6rt av sig med fr\u00e5gor, kommentarer och egna minnen kring en sp\u00e4nnande period i Sveriges historia. <\/p>\n<p>Views: 13<\/p>","protected":false},"excerpt":{"rendered":"<p>Utst\u00e4llningen En svensk atombomb p\u00e5 Flygvapenmuseum \u00e4r inne p\u00e5 sista veckan. Jag vill passa p\u00e5 att tacka alla som h\u00f6rt av sig med fr\u00e5gor, kommentarer och egna minnen kring en sp\u00e4nnande period i Sveriges historia. Views: 13<\/p>\n<div class=\"wrap-excerpt-more\"><a class=\"excerpt-more\" href=\"https:\/\/www.vonklopp.se\/wordpress\/?p=5824\">Read more<\/a><\/div>\n","protected":false},"author":1,"featured_media":5826,"comment_status":"open","ping_status":"open","sticky":false,"template":"","format":"standard","meta":{"_monsterinsights_skip_tracking":false,"_monsterinsights_sitenote_active":false,"_monsterinsights_sitenote_note":"","_monsterinsights_sitenote_category":0,"_s2mail":"yes","footnotes":""},"categories":[755],"tags":[785,946,913,939,914,910],"class_list":["post-5824","post","type-post","status-publish","format-standard","has-post-thumbnail","hentry","category-svenska-kraftverk","tag-ab-atomenergi","tag-adam","tag-agesta","tag-en-svensk-atombomb","tag-flygvapenmuseum","tag-utstallning","post--featured-image"],"aioseo_notices":[],"_links":{"self":[{"href":"https:\/\/www.vonklopp.se\/wordpress\/index.php?rest_route=\/wp\/v2\/posts\/5824","targetHints":{"allow":["GET"]}}],"collection":[{"href":"https:\/\/www.vonklopp.se\/wordpress\/index.php?rest_route=\/wp\/v2\/posts"}],"about":[{"href":"https:\/\/www.vonklopp.se\/wordpress\/index.php?rest_route=\/wp\/v2\/types\/post"}],"author":[{"embeddable":true,"href":"https:\/\/www.vonklopp.se\/wordpress\/index.php?rest_route=\/wp\/v2\/users\/1"}],"replies":[{"embeddable":true,"href":"https:\/\/www.vonklopp.se\/wordpress\/index.php?rest_route=%2Fwp%2Fv2%2Fcomments&post=5824"}],"version-history":[{"count":3,"href":"https:\/\/www.vonklopp.se\/wordpress\/index.php?rest_route=\/wp\/v2\/posts\/5824\/revisions"}],"predecessor-version":[{"id":5829,"href":"https:\/\/www.vonklopp.se\/wordpress\/index.php?rest_route=\/wp\/v2\/posts\/5824\/revisions\/5829"}],"wp:featuredmedia":[{"embeddable":true,"href":"https:\/\/www.vonklopp.se\/wordpress\/index.php?rest_route=\/wp\/v2\/media\/5826"}],"wp:attachment":[{"href":"https:\/\/www.vonklopp.se\/wordpress\/index.php?rest_route=%2Fwp%2Fv2%2Fmedia&parent=5824"}],"wp:term":[{"taxonomy":"category","embeddable":true,"href":"https:\/\/www.vonklopp.se\/wordpress\/index.php?rest_route=%2Fwp%2Fv2%2Fcategories&post=5824"},{"taxonomy":"post_tag","embeddable":true,"href":"https:\/\/www.vonklopp.se\/wordpress\/index.php?rest_route=%2Fwp%2Fv2%2Ftags&post=5824"}],"curies":[{"name":"wp","href":"https:\/\/api.w.org\/{rel}","templated":true}]}}