{"id":6556,"date":"2018-10-12T13:31:25","date_gmt":"2018-10-12T11:31:25","guid":{"rendered":"http:\/\/www.vonklopp.se\/wordpress\/?p=6556"},"modified":"2021-04-29T13:33:07","modified_gmt":"2021-04-29T11:33:07","slug":"marvken-salt","status":"publish","type":"post","link":"https:\/\/www.vonklopp.se\/wordpress\/?p=6556","title":{"rendered":"Marviken s\u00e5lt"},"content":{"rendered":"\t\t<div class=\"dimage-360-area\" id=\"dtcontainer_1\"><\/div>\r\n\t\t<script>\r\n\t\tvar div = document.getElementById('dtcontainer_1');\r\n\t\tvar PSV = new PhotoSphereViewer({\r\n\t\t\t\tpanorama: 'https:\/\/www.vonklopp.se\/wordpress\/wp-content\/uploads\/2018\/10\/marviken_pannhus_site.jpg',\r\n\t\t\t\tcontainer: div,\r\n\t\t\t\tdefault_position: {long: 0\/60},\r\n\t\t\t\ttime_anim: 1000,\r\n\t\t\t\tnavbar: true,\r\n\t\t\t\tallow_scroll_to_zoom: 1,\r\n\t\t\t\tzoom_level: 0,\r\n\t\t\t\tanim_speed: '1rpm',\r\n\t\t\t\tnavbar_style: {\r\n\t\t\t\t\tbackgroundColor: 'rgba(58, 67, 77, 0.7)'\r\n\t\t\t\t},\t\t\r\n\t\t\t});\r\n\t\t<\/script>   \r\n\t\t\n<p>I slutet av augusti kom beskedet att Marvikenverket \u00e4r s\u00e5lt (se Vattenfalls pressmeddelande <a href=\"https:\/\/corporate.vattenfall.se\/press-och-media\/pressmeddelanden\/2018\/vattenfall-saljer-marviken\/\"> h\u00e4r<\/a>).<\/p>\n<p>Jag har f\u00f6ljt avvecklingen av anl\u00e4ggningen sedan 2012. Panoramabilden ovan \u00e4r fr\u00e5n pannhuset, d\u00e4r oljepannan som ersatte den aldrig startade reaktorn fanns. Efter att pannan skrotats 2013-2014 \u00e4r det ganska luftigt i byggnaden.<\/p>\n<p>Views: 14<\/p>","protected":false},"excerpt":{"rendered":"<p>I slutet av augusti kom beskedet att Marvikenverket \u00e4r s\u00e5lt (se Vattenfalls pressmeddelande h\u00e4r). Jag har f\u00f6ljt avvecklingen av anl\u00e4ggningen sedan 2012. Panoramabilden ovan \u00e4r fr\u00e5n pannhuset, d\u00e4r oljepannan som ersatte den aldrig startade reaktorn fanns. Efter att pannan skrotats 2013-2014 \u00e4r det ganska luftigt i byggnaden. Views: 14<\/p>\n<div class=\"wrap-excerpt-more\"><a class=\"excerpt-more\" href=\"https:\/\/www.vonklopp.se\/wordpress\/?p=6556\">Read more<\/a><\/div>\n","protected":false},"author":1,"featured_media":6559,"comment_status":"open","ping_status":"open","sticky":false,"template":"","format":"standard","meta":{"_monsterinsights_skip_tracking":false,"_monsterinsights_sitenote_active":false,"_monsterinsights_sitenote_note":"","_monsterinsights_sitenote_category":0,"_s2mail":"yes","footnotes":""},"categories":[755],"tags":[784,770,1014,1015],"class_list":["post-6556","post","type-post","status-publish","format-standard","has-post-thumbnail","hentry","category-svenska-kraftverk","tag-marviken","tag-panna","tag-panorama","tag-vr","post--featured-image"],"aioseo_notices":[],"_links":{"self":[{"href":"https:\/\/www.vonklopp.se\/wordpress\/index.php?rest_route=\/wp\/v2\/posts\/6556","targetHints":{"allow":["GET"]}}],"collection":[{"href":"https:\/\/www.vonklopp.se\/wordpress\/index.php?rest_route=\/wp\/v2\/posts"}],"about":[{"href":"https:\/\/www.vonklopp.se\/wordpress\/index.php?rest_route=\/wp\/v2\/types\/post"}],"author":[{"embeddable":true,"href":"https:\/\/www.vonklopp.se\/wordpress\/index.php?rest_route=\/wp\/v2\/users\/1"}],"replies":[{"embeddable":true,"href":"https:\/\/www.vonklopp.se\/wordpress\/index.php?rest_route=%2Fwp%2Fv2%2Fcomments&post=6556"}],"version-history":[{"count":6,"href":"https:\/\/www.vonklopp.se\/wordpress\/index.php?rest_route=\/wp\/v2\/posts\/6556\/revisions"}],"predecessor-version":[{"id":7313,"href":"https:\/\/www.vonklopp.se\/wordpress\/index.php?rest_route=\/wp\/v2\/posts\/6556\/revisions\/7313"}],"wp:featuredmedia":[{"embeddable":true,"href":"https:\/\/www.vonklopp.se\/wordpress\/index.php?rest_route=\/wp\/v2\/media\/6559"}],"wp:attachment":[{"href":"https:\/\/www.vonklopp.se\/wordpress\/index.php?rest_route=%2Fwp%2Fv2%2Fmedia&parent=6556"}],"wp:term":[{"taxonomy":"category","embeddable":true,"href":"https:\/\/www.vonklopp.se\/wordpress\/index.php?rest_route=%2Fwp%2Fv2%2Fcategories&post=6556"},{"taxonomy":"post_tag","embeddable":true,"href":"https:\/\/www.vonklopp.se\/wordpress\/index.php?rest_route=%2Fwp%2Fv2%2Ftags&post=6556"}],"curies":[{"name":"wp","href":"https:\/\/api.w.org\/{rel}","templated":true}]}}