{"id":68,"date":"2008-05-24T17:21:07","date_gmt":"2008-05-24T15:21:07","guid":{"rendered":"http:\/\/www.vonklopp.se\/wordpress\/?p=68"},"modified":"2013-06-09T12:06:42","modified_gmt":"2013-06-09T10:06:42","slug":"satragruvan","status":"publish","type":"post","link":"https:\/\/www.vonklopp.se\/wordpress\/?p=68","title":{"rendered":"S\u00e4tragruvan"},"content":{"rendered":"<p><img loading=\"lazy\" decoding=\"async\" alt=\"S\u00e4tragruvan\" src=\"http:\/\/www.vonklopp.se\/images\/satragruvan\/thumbnails\/satragruvan_tn.jpg\" width=\"475\" height=\"317\" align=\"top\" \/><\/p>\n<p><em>Vid S\u00e4tragruvans anrikningsverk. <\/em><\/p>\n<p>S\u00e4tragruvan ligger i n\u00e4rheten av Doverstorp, ca en mil nordv\u00e4st om Sk\u00e4rblacka. Gruvan \u00e4r ett dagbrott d\u00e4r AB Kis br\u00f6t svavel 1917-1919. Totalt br\u00f6ts ungef\u00e4r 80000 ton malm, som efter anrikning levererades till Sk\u00e4rblacka bruk. Ur biprodukterna nickel och guldockra framst\u00e4lldes r\u00f6df\u00e4rg. Sammanlagt var ett hundratal m\u00e4nniskor anst\u00e4llda vid gruvan och intilliggande anl\u00e4ggningar.<\/p>\n<p>Idag \u00e5terst\u00e5r dagbrottet med tv\u00e5 stollg\u00e5ngar. I n\u00e4rheten finns \u00e4ven husgrunder fr\u00e5n anrikningsverk och f\u00e4rgfabrik. Nedanf\u00f6r det gamla anrikningsverket finns ett sandmagasin med avfall fr\u00e5n anrikningsprocessen. Tj\u00e4nstemannabost\u00e4derna \u00e4r renoverade och anv\u00e4nds som bostadshus.<\/p>\n<p><em>The abandoned S\u00e4tra mine, located about 10km northwest of Sk\u00e4rblacka in Sweden. <\/em><\/p>\n<p>Views: 26<\/p>","protected":false},"excerpt":{"rendered":"<p>Vid S\u00e4tragruvans anrikningsverk. S\u00e4tragruvan ligger i n\u00e4rheten av Doverstorp, ca en mil nordv\u00e4st om Sk\u00e4rblacka. Gruvan \u00e4r ett dagbrott d\u00e4r AB Kis br\u00f6t svavel 1917-1919. Totalt br\u00f6ts ungef\u00e4r 80000 ton malm, som efter anrikning levererades till Sk\u00e4rblacka bruk. Ur biprodukterna nickel och guldockra framst\u00e4lldes r\u00f6df\u00e4rg. Sammanlagt var ett hundratal m\u00e4nniskor &hellip;<\/p>\n<div class=\"wrap-excerpt-more\"><a class=\"excerpt-more\" href=\"https:\/\/www.vonklopp.se\/wordpress\/?p=68\">Read more<\/a><\/div>\n","protected":false},"author":1,"featured_media":0,"comment_status":"open","ping_status":"open","sticky":false,"template":"","format":"standard","meta":{"_monsterinsights_skip_tracking":false,"_monsterinsights_sitenote_active":false,"_monsterinsights_sitenote_note":"","_monsterinsights_sitenote_category":0,"_s2mail":"yes","footnotes":""},"categories":[1],"tags":[],"class_list":["post-68","post","type-post","status-publish","format-standard","hentry","category-det-gar-bra-for-sverige","post--no-featured-image"],"aioseo_notices":[],"_links":{"self":[{"href":"https:\/\/www.vonklopp.se\/wordpress\/index.php?rest_route=\/wp\/v2\/posts\/68","targetHints":{"allow":["GET"]}}],"collection":[{"href":"https:\/\/www.vonklopp.se\/wordpress\/index.php?rest_route=\/wp\/v2\/posts"}],"about":[{"href":"https:\/\/www.vonklopp.se\/wordpress\/index.php?rest_route=\/wp\/v2\/types\/post"}],"author":[{"embeddable":true,"href":"https:\/\/www.vonklopp.se\/wordpress\/index.php?rest_route=\/wp\/v2\/users\/1"}],"replies":[{"embeddable":true,"href":"https:\/\/www.vonklopp.se\/wordpress\/index.php?rest_route=%2Fwp%2Fv2%2Fcomments&post=68"}],"version-history":[{"count":2,"href":"https:\/\/www.vonklopp.se\/wordpress\/index.php?rest_route=\/wp\/v2\/posts\/68\/revisions"}],"predecessor-version":[{"id":4174,"href":"https:\/\/www.vonklopp.se\/wordpress\/index.php?rest_route=\/wp\/v2\/posts\/68\/revisions\/4174"}],"wp:attachment":[{"href":"https:\/\/www.vonklopp.se\/wordpress\/index.php?rest_route=%2Fwp%2Fv2%2Fmedia&parent=68"}],"wp:term":[{"taxonomy":"category","embeddable":true,"href":"https:\/\/www.vonklopp.se\/wordpress\/index.php?rest_route=%2Fwp%2Fv2%2Fcategories&post=68"},{"taxonomy":"post_tag","embeddable":true,"href":"https:\/\/www.vonklopp.se\/wordpress\/index.php?rest_route=%2Fwp%2Fv2%2Ftags&post=68"}],"curies":[{"name":"wp","href":"https:\/\/api.w.org\/{rel}","templated":true}]}}