{"id":7485,"date":"2021-10-01T16:14:56","date_gmt":"2021-10-01T14:14:56","guid":{"rendered":"https:\/\/www.vonklopp.se\/wordpress\/?p=7485"},"modified":"2021-10-01T16:14:58","modified_gmt":"2021-10-01T14:14:58","slug":"blixbol","status":"publish","type":"post","link":"https:\/\/www.vonklopp.se\/wordpress\/?p=7485","title":{"rendered":"Blixbol"},"content":{"rendered":"\n<figure class=\"wp-block-image size-full\"><img loading=\"lazy\" decoding=\"async\" width=\"960\" height=\"720\" src=\"https:\/\/www.vonklopp.se\/wordpress\/wp-content\/uploads\/2021\/10\/blixbol_blog-2.jpg\" alt=\"\" class=\"wp-image-7486\" srcset=\"https:\/\/www.vonklopp.se\/wordpress\/wp-content\/uploads\/2021\/10\/blixbol_blog-2.jpg 960w, https:\/\/www.vonklopp.se\/wordpress\/wp-content\/uploads\/2021\/10\/blixbol_blog-2-800x600.jpg 800w, https:\/\/www.vonklopp.se\/wordpress\/wp-content\/uploads\/2021\/10\/blixbol_blog-2-768x576.jpg 768w\" sizes=\"auto, (max-width: 960px) 100vw, 960px\" \/><figcaption>Nedstr\u00f6msfasaden och bro \u00f6ver utloppskanalen. Manufakturverket l\u00e5g till v\u00e4nster om bron. <\/figcaption><\/figure>\n\n\n\n<p>Den 67 kilometer l\u00e5nga Lill\u00e4lven rinner upp i de v\u00e4stra delarna av S\u00e4ffle kommun och mynnar ut i By\u00e4lven vid Odenstad, norr om Gillberga. Vid fallet I Blixbol byggdes Emilsdals manufakturverk 1842. \u00a0I Emilsdal fanns 4 \u00e4ssjor, kniphammare och sex spikhamrar. Det var i drift fram till 1876.<\/p>\n\n\n\n<figure class=\"wp-block-image size-full\"><img loading=\"lazy\" decoding=\"async\" width=\"960\" height=\"688\" src=\"https:\/\/www.vonklopp.se\/wordpress\/wp-content\/uploads\/2021\/10\/blixbol_hist.jpg\" alt=\"\" class=\"wp-image-7487\" srcset=\"https:\/\/www.vonklopp.se\/wordpress\/wp-content\/uploads\/2021\/10\/blixbol_hist.jpg 960w, https:\/\/www.vonklopp.se\/wordpress\/wp-content\/uploads\/2021\/10\/blixbol_hist-800x573.jpg 800w, https:\/\/www.vonklopp.se\/wordpress\/wp-content\/uploads\/2021\/10\/blixbol_hist-768x550.jpg 768w\" sizes=\"auto, (max-width: 960px) 100vw, 960px\" \/><figcaption>Kraftverket 1921 (foto: Karl Nystr\u00f6m \/ V\u00e4rmlands museum)<\/figcaption><\/figure>\n\n\n\n<p>Kraftverket i Blixbol togs i drift 1920. Maskinstationen \u00e4r en vacker h\u00f6grest tegelbyggnad som \u00e4r v\u00e4l bevarad. I b\u00f6rjan av 1900-talet anv\u00e4ndes inomhusst\u00e4llverk och man byggde d\u00e4rf\u00f6r p\u00e5 h\u00f6jden f\u00f6r att kunna ansluta kraftledningar p\u00e5 gavlarna.<\/p>\n\n\n\n<figure class=\"wp-block-image size-full\"><img loading=\"lazy\" decoding=\"async\" width=\"960\" height=\"720\" src=\"https:\/\/www.vonklopp.se\/wordpress\/wp-content\/uploads\/2021\/10\/blixbol_blog-3.jpg\" alt=\"\" class=\"wp-image-7488\" srcset=\"https:\/\/www.vonklopp.se\/wordpress\/wp-content\/uploads\/2021\/10\/blixbol_blog-3.jpg 960w, https:\/\/www.vonklopp.se\/wordpress\/wp-content\/uploads\/2021\/10\/blixbol_blog-3-800x600.jpg 800w, https:\/\/www.vonklopp.se\/wordpress\/wp-content\/uploads\/2021\/10\/blixbol_blog-3-768x576.jpg 768w\" sizes=\"auto, (max-width: 960px) 100vw, 960px\" \/><figcaption>Kraftverket 2021. Trots att det g\u00e5tt 100 \u00e5r mellan fotograferingarna \u00e4r mycket sig likt. <\/figcaption><\/figure>\n\n\n\n<p>Sedan driftstarten har det gjorts flera ombyggnader. 1959-1961 gjordes omfattande reparationer p\u00e5 dammen. 2012-2013 byttes maskin- och kontrollutrustning samtidigt som dammen byggdes om och f\u00f6rst\u00e4rktes. \u00a0<\/p>\n\n\n\n<figure class=\"wp-block-image size-full\"><img loading=\"lazy\" decoding=\"async\" width=\"960\" height=\"720\" src=\"https:\/\/www.vonklopp.se\/wordpress\/wp-content\/uploads\/2021\/10\/blixbol_blog-1.jpg\" alt=\"\" class=\"wp-image-7489\" srcset=\"https:\/\/www.vonklopp.se\/wordpress\/wp-content\/uploads\/2021\/10\/blixbol_blog-1.jpg 960w, https:\/\/www.vonklopp.se\/wordpress\/wp-content\/uploads\/2021\/10\/blixbol_blog-1-800x600.jpg 800w, https:\/\/www.vonklopp.se\/wordpress\/wp-content\/uploads\/2021\/10\/blixbol_blog-1-768x576.jpg 768w\" sizes=\"auto, (max-width: 960px) 100vw, 960px\" \/><figcaption>Maskinstation och damm fr\u00e5n norr.<\/figcaption><\/figure>\n\n\n\n<p>Kraftverken fr\u00e5n b\u00f6rjan av 1900-talet lade grunden f\u00f6r Sveriges elektrifiering och v\u00e4lst\u00e5nd. De \u00e4r en viktig och ofta f\u00f6rbisedd del av v\u00e5rt kulturarv som dessutom g\u00f6r stor nytta. Efter upprustningen kan produktionen i Blixbol f\u00f6rhoppningsvis forts\u00e4tta hundra \u00e5r till.<\/p>\n<p>Views: 27<\/p>","protected":false},"excerpt":{"rendered":"<p>Den 67 kilometer l\u00e5nga Lill\u00e4lven rinner upp i de v\u00e4stra delarna av S\u00e4ffle kommun och mynnar ut i By\u00e4lven vid Odenstad, norr om Gillberga. Vid fallet I Blixbol byggdes Emilsdals manufakturverk 1842. \u00a0I Emilsdal fanns 4 \u00e4ssjor, kniphammare och sex spikhamrar. Det var i drift fram till 1876. Kraftverket i &hellip;<\/p>\n<div class=\"wrap-excerpt-more\"><a class=\"excerpt-more\" href=\"https:\/\/www.vonklopp.se\/wordpress\/?p=7485\">Read more<\/a><\/div>\n","protected":false},"author":1,"featured_media":7490,"comment_status":"open","ping_status":"open","sticky":false,"template":"","format":"standard","meta":{"_monsterinsights_skip_tracking":false,"_monsterinsights_sitenote_active":false,"_monsterinsights_sitenote_note":"","_monsterinsights_sitenote_category":0,"_s2mail":"yes","footnotes":""},"categories":[755],"tags":[1060,55,1059,109],"class_list":["post-7485","post","type-post","status-publish","format-standard","has-post-thumbnail","hentry","category-svenska-kraftverk","tag-blixbol","tag-kraftverk","tag-varmland","tag-vattenkraft","post--featured-image"],"aioseo_notices":[],"_links":{"self":[{"href":"https:\/\/www.vonklopp.se\/wordpress\/index.php?rest_route=\/wp\/v2\/posts\/7485","targetHints":{"allow":["GET"]}}],"collection":[{"href":"https:\/\/www.vonklopp.se\/wordpress\/index.php?rest_route=\/wp\/v2\/posts"}],"about":[{"href":"https:\/\/www.vonklopp.se\/wordpress\/index.php?rest_route=\/wp\/v2\/types\/post"}],"author":[{"embeddable":true,"href":"https:\/\/www.vonklopp.se\/wordpress\/index.php?rest_route=\/wp\/v2\/users\/1"}],"replies":[{"embeddable":true,"href":"https:\/\/www.vonklopp.se\/wordpress\/index.php?rest_route=%2Fwp%2Fv2%2Fcomments&post=7485"}],"version-history":[{"count":4,"href":"https:\/\/www.vonklopp.se\/wordpress\/index.php?rest_route=\/wp\/v2\/posts\/7485\/revisions"}],"predecessor-version":[{"id":7494,"href":"https:\/\/www.vonklopp.se\/wordpress\/index.php?rest_route=\/wp\/v2\/posts\/7485\/revisions\/7494"}],"wp:featuredmedia":[{"embeddable":true,"href":"https:\/\/www.vonklopp.se\/wordpress\/index.php?rest_route=\/wp\/v2\/media\/7490"}],"wp:attachment":[{"href":"https:\/\/www.vonklopp.se\/wordpress\/index.php?rest_route=%2Fwp%2Fv2%2Fmedia&parent=7485"}],"wp:term":[{"taxonomy":"category","embeddable":true,"href":"https:\/\/www.vonklopp.se\/wordpress\/index.php?rest_route=%2Fwp%2Fv2%2Fcategories&post=7485"},{"taxonomy":"post_tag","embeddable":true,"href":"https:\/\/www.vonklopp.se\/wordpress\/index.php?rest_route=%2Fwp%2Fv2%2Ftags&post=7485"}],"curies":[{"name":"wp","href":"https:\/\/api.w.org\/{rel}","templated":true}]}}