{"id":753,"date":"2009-03-13T21:40:00","date_gmt":"2009-03-13T19:40:00","guid":{"rendered":"http:\/\/www.vonklopp.se\/wordpress\/?p=753"},"modified":"2021-02-15T12:53:41","modified_gmt":"2021-02-15T10:53:41","slug":"dannemora-20","status":"publish","type":"post","link":"https:\/\/www.vonklopp.se\/wordpress\/?p=753","title":{"rendered":"Dannemora 2.0"},"content":{"rendered":"<p style=\"text-align: center;\"><img loading=\"lazy\" decoding=\"async\" class=\" aligncenter\" title=\"Nya laven i Dannemora\" alt=\"\" src=\"http:\/\/www.vonklopp.se\/images\/dannemora\/thumbnails\/dannemora_wp-2.jpg\" width=\"333\" height=\"500\"><\/p>\n<p>S\u00e5 h\u00e4r i kristider \u00e4r det inte inte ofta man h\u00f6r om nysatsningar, men i Dannemora utanf\u00f6r \u00d6sterbybruk har det h\u00e4nt saker. Gruvan som st\u00e4ngde 1992 har \u00f6ppnats igen och nu r\u00e5der full aktivitet f\u00f6r att komma ig\u00e5ng med produktionen.<\/p>\n<p>Timingen kunde vara b\u00e4ttre. St\u00e4ngningen 1992 berodde p\u00e5 sjunkande metallpriser och nu \u00e4r marknaden \u00e5ter vikande. Beslut om \u00f6ppning togs n\u00e4r alla kurvor pekade upp\u00e5t, men verksamheten kom inte ig\u00e5ng f\u00f6rr\u00e4n den l\u00e5gkonjunkturen slagit till.<\/p>\n<p><img loading=\"lazy\" decoding=\"async\" class=\" alignnone\" title=\"Nordschaktlaven i Dannemora\" alt=\"\" src=\"http:\/\/www.vonklopp.se\/images\/dannemora\/thumbnails\/dannemora_wp-1.jpg\" width=\"500\" height=\"375\"><\/p>\n<p>Dannemora \u00e4r en gruvort med gamla anor. J\u00e4rnutvinningen b\u00f6rjade redan p\u00e5 1500-talet. N\u00e5gra hundra \u00e5r senare var malm fr\u00e5n gruvan en f\u00f6ruts\u00e4ttning f\u00f6r den industriella revolutionen. Stora m\u00e4ngder &#8220;Oregrund iron&#8221; exporterades till England, d\u00e4r st\u00e5lindustrin i bland annat Sheffield var beroende av j\u00e4rn fr\u00e5n Uppland.<\/p>\n<p><em>The Dannemora mine was recently re-opened after being mothballed for 16 years.<br \/>\n<\/em><\/p>\n<p>Views: 7<\/p>","protected":false},"excerpt":{"rendered":"<p>S\u00e5 h\u00e4r i kristider \u00e4r det inte inte ofta man h\u00f6r om nysatsningar, men i Dannemora utanf\u00f6r \u00d6sterbybruk har det h\u00e4nt saker. Gruvan som st\u00e4ngde 1992 har \u00f6ppnats igen och nu r\u00e5der full aktivitet f\u00f6r att komma ig\u00e5ng med produktionen. Timingen kunde vara b\u00e4ttre. St\u00e4ngningen 1992 berodde p\u00e5 sjunkande metallpriser &hellip;<\/p>\n<div class=\"wrap-excerpt-more\"><a class=\"excerpt-more\" href=\"https:\/\/www.vonklopp.se\/wordpress\/?p=753\">Read more<\/a><\/div>\n","protected":false},"author":1,"featured_media":0,"comment_status":"open","ping_status":"open","sticky":false,"template":"","format":"standard","meta":{"_monsterinsights_skip_tracking":false,"_monsterinsights_sitenote_active":false,"_monsterinsights_sitenote_note":"","_monsterinsights_sitenote_category":0,"_s2mail":"yes","footnotes":""},"categories":[1,142],"tags":[146,154,46,155,135,151],"class_list":["post-753","post","type-post","status-publish","format-standard","hentry","category-det-gar-bra-for-sverige","category-industrikultur","tag-bergbau","tag-dannemora","tag-gruva","tag-iron","tag-jarn","tag-mining","post--no-featured-image"],"aioseo_notices":[],"_links":{"self":[{"href":"https:\/\/www.vonklopp.se\/wordpress\/index.php?rest_route=\/wp\/v2\/posts\/753","targetHints":{"allow":["GET"]}}],"collection":[{"href":"https:\/\/www.vonklopp.se\/wordpress\/index.php?rest_route=\/wp\/v2\/posts"}],"about":[{"href":"https:\/\/www.vonklopp.se\/wordpress\/index.php?rest_route=\/wp\/v2\/types\/post"}],"author":[{"embeddable":true,"href":"https:\/\/www.vonklopp.se\/wordpress\/index.php?rest_route=\/wp\/v2\/users\/1"}],"replies":[{"embeddable":true,"href":"https:\/\/www.vonklopp.se\/wordpress\/index.php?rest_route=%2Fwp%2Fv2%2Fcomments&post=753"}],"version-history":[{"count":12,"href":"https:\/\/www.vonklopp.se\/wordpress\/index.php?rest_route=\/wp\/v2\/posts\/753\/revisions"}],"predecessor-version":[{"id":7100,"href":"https:\/\/www.vonklopp.se\/wordpress\/index.php?rest_route=\/wp\/v2\/posts\/753\/revisions\/7100"}],"wp:attachment":[{"href":"https:\/\/www.vonklopp.se\/wordpress\/index.php?rest_route=%2Fwp%2Fv2%2Fmedia&parent=753"}],"wp:term":[{"taxonomy":"category","embeddable":true,"href":"https:\/\/www.vonklopp.se\/wordpress\/index.php?rest_route=%2Fwp%2Fv2%2Fcategories&post=753"},{"taxonomy":"post_tag","embeddable":true,"href":"https:\/\/www.vonklopp.se\/wordpress\/index.php?rest_route=%2Fwp%2Fv2%2Ftags&post=753"}],"curies":[{"name":"wp","href":"https:\/\/api.w.org\/{rel}","templated":true}]}}