{"id":7576,"date":"2021-12-06T11:09:24","date_gmt":"2021-12-06T09:09:24","guid":{"rendered":"https:\/\/www.vonklopp.se\/wordpress\/?p=7576"},"modified":"2021-12-06T11:09:26","modified_gmt":"2021-12-06T09:09:26","slug":"turefors","status":"publish","type":"post","link":"https:\/\/www.vonklopp.se\/wordpress\/?p=7576","title":{"rendered":"Turefors"},"content":{"rendered":"\n<figure class=\"wp-block-image size-full\"><img loading=\"lazy\" decoding=\"async\" width=\"960\" height=\"720\" src=\"https:\/\/www.vonklopp.se\/wordpress\/wp-content\/uploads\/2021\/12\/turefors_blog-2.jpg\" alt=\"\" class=\"wp-image-7577\" srcset=\"https:\/\/www.vonklopp.se\/wordpress\/wp-content\/uploads\/2021\/12\/turefors_blog-2.jpg 960w, https:\/\/www.vonklopp.se\/wordpress\/wp-content\/uploads\/2021\/12\/turefors_blog-2-800x600.jpg 800w, https:\/\/www.vonklopp.se\/wordpress\/wp-content\/uploads\/2021\/12\/turefors_blog-2-768x576.jpg 768w\" sizes=\"auto, (max-width: 960px) 100vw, 960px\" \/><figcaption>Intaget till Turefors kraftstation.<\/figcaption><\/figure>\n\n\n\n<p>Turefors \u00e4r ett kraftverk i Em\u00e5n som \u00e4r bel\u00e4get n\u00e5gra kilometer utanf\u00f6r samh\u00e4llet Kvillsfors i Vetlanda kommun.<\/p>\n\n\n\n<figure class=\"wp-block-image size-full\"><img loading=\"lazy\" decoding=\"async\" width=\"960\" height=\"720\" src=\"https:\/\/www.vonklopp.se\/wordpress\/wp-content\/uploads\/2021\/12\/turefors_blog-1.jpg\" alt=\"\" class=\"wp-image-7578\" srcset=\"https:\/\/www.vonklopp.se\/wordpress\/wp-content\/uploads\/2021\/12\/turefors_blog-1.jpg 960w, https:\/\/www.vonklopp.se\/wordpress\/wp-content\/uploads\/2021\/12\/turefors_blog-1-800x600.jpg 800w, https:\/\/www.vonklopp.se\/wordpress\/wp-content\/uploads\/2021\/12\/turefors_blog-1-768x576.jpg 768w\" sizes=\"auto, (max-width: 960px) 100vw, 960px\" \/><figcaption>Maskinstationen fr\u00e5n nordv\u00e4st. Grindstolparna h\u00f6r till en maskinistbostad som revs 1990.<\/figcaption><\/figure>\n\n\n\n<p>Kraftverket byggdes 1932-33 av AB Brusafors-H\u00e4llefors f\u00f6r att leverera kraft till f\u00f6retagets pappersbruk i Silverdalen. Bruket lades ner 2002 och d\u00e5 var kraftproduktionen sedan l\u00e4nge s\u00e5ld till Sm\u00e5lands Kraft AB<\/p>\n\n\n\n<figure class=\"wp-block-image size-full\"><img loading=\"lazy\" decoding=\"async\" width=\"960\" height=\"720\" src=\"https:\/\/www.vonklopp.se\/wordpress\/wp-content\/uploads\/2021\/12\/turefors_blog-3.jpg\" alt=\"\" class=\"wp-image-7579\" srcset=\"https:\/\/www.vonklopp.se\/wordpress\/wp-content\/uploads\/2021\/12\/turefors_blog-3.jpg 960w, https:\/\/www.vonklopp.se\/wordpress\/wp-content\/uploads\/2021\/12\/turefors_blog-3-800x600.jpg 800w, https:\/\/www.vonklopp.se\/wordpress\/wp-content\/uploads\/2021\/12\/turefors_blog-3-768x576.jpg 768w\" sizes=\"auto, (max-width: 960px) 100vw, 960px\" \/><figcaption>Damm med utskov.<\/figcaption><\/figure>\n\n\n\n<p>Den vitputsade maskinstationen med sina h\u00f6ga (numera igensatta) f\u00f6nster p\u00e5minner starkt om en kyrka. Intrycket f\u00f6rst\u00e4rks av att den omges av en \u201dkyrkog\u00e5rd\u201d med stenmur, j\u00e4rngrindar och grusade g\u00e5ngar.<\/p>\n\n\n\n<figure class=\"wp-block-image size-full\"><img loading=\"lazy\" decoding=\"async\" width=\"960\" height=\"720\" src=\"https:\/\/www.vonklopp.se\/wordpress\/wp-content\/uploads\/2021\/12\/turefors_blog-4.jpg\" alt=\"\" class=\"wp-image-7580\" srcset=\"https:\/\/www.vonklopp.se\/wordpress\/wp-content\/uploads\/2021\/12\/turefors_blog-4.jpg 960w, https:\/\/www.vonklopp.se\/wordpress\/wp-content\/uploads\/2021\/12\/turefors_blog-4-800x600.jpg 800w, https:\/\/www.vonklopp.se\/wordpress\/wp-content\/uploads\/2021\/12\/turefors_blog-4-768x576.jpg 768w\" sizes=\"auto, (max-width: 960px) 100vw, 960px\" \/><figcaption>Maskinstation och st\u00e4llverk fr\u00e5n \u00f6ster.<\/figcaption><\/figure>\n\n\n\n<p>Maskinutrustningen bestod vid invigningen av en vertikalaxlad kaplanturbin med s\u00e5 kallad l\u00e5ngaxel, dvs turbinen var monterad i berget medan generatorn placerats ovan jord. Idag \u00e4r den installerade effekten 1,1 MW och \u00e5rsproduktionen uppg\u00e5r till 5,8 GWh.<\/p>\n<p>Views: 27<\/p>","protected":false},"excerpt":{"rendered":"<p>Turefors \u00e4r ett kraftverk i Em\u00e5n som \u00e4r bel\u00e4get n\u00e5gra kilometer utanf\u00f6r samh\u00e4llet Kvillsfors i Vetlanda kommun. Kraftverket byggdes 1932-33 av AB Brusafors-H\u00e4llefors f\u00f6r att leverera kraft till f\u00f6retagets pappersbruk i Silverdalen. Bruket lades ner 2002 och d\u00e5 var kraftproduktionen sedan l\u00e4nge s\u00e5ld till Sm\u00e5lands Kraft AB Den vitputsade maskinstationen &hellip;<\/p>\n<div class=\"wrap-excerpt-more\"><a class=\"excerpt-more\" href=\"https:\/\/www.vonklopp.se\/wordpress\/?p=7576\">Read more<\/a><\/div>\n","protected":false},"author":1,"featured_media":7582,"comment_status":"open","ping_status":"open","sticky":false,"template":"","format":"standard","meta":{"_monsterinsights_skip_tracking":false,"_monsterinsights_sitenote_active":false,"_monsterinsights_sitenote_note":"","_monsterinsights_sitenote_category":0,"_s2mail":"yes","footnotes":""},"categories":[755],"tags":[1063,611,52,300,55,67,1064,109],"class_list":["post-7576","post","type-post","status-publish","format-standard","has-post-thumbnail","hentry","category-svenska-kraftverk","tag-eman","tag-energi","tag-industri","tag-kraftstation","tag-kraftverk","tag-smaland","tag-turefors","tag-vattenkraft","post--featured-image"],"aioseo_notices":[],"_links":{"self":[{"href":"https:\/\/www.vonklopp.se\/wordpress\/index.php?rest_route=\/wp\/v2\/posts\/7576","targetHints":{"allow":["GET"]}}],"collection":[{"href":"https:\/\/www.vonklopp.se\/wordpress\/index.php?rest_route=\/wp\/v2\/posts"}],"about":[{"href":"https:\/\/www.vonklopp.se\/wordpress\/index.php?rest_route=\/wp\/v2\/types\/post"}],"author":[{"embeddable":true,"href":"https:\/\/www.vonklopp.se\/wordpress\/index.php?rest_route=\/wp\/v2\/users\/1"}],"replies":[{"embeddable":true,"href":"https:\/\/www.vonklopp.se\/wordpress\/index.php?rest_route=%2Fwp%2Fv2%2Fcomments&post=7576"}],"version-history":[{"count":1,"href":"https:\/\/www.vonklopp.se\/wordpress\/index.php?rest_route=\/wp\/v2\/posts\/7576\/revisions"}],"predecessor-version":[{"id":7581,"href":"https:\/\/www.vonklopp.se\/wordpress\/index.php?rest_route=\/wp\/v2\/posts\/7576\/revisions\/7581"}],"wp:featuredmedia":[{"embeddable":true,"href":"https:\/\/www.vonklopp.se\/wordpress\/index.php?rest_route=\/wp\/v2\/media\/7582"}],"wp:attachment":[{"href":"https:\/\/www.vonklopp.se\/wordpress\/index.php?rest_route=%2Fwp%2Fv2%2Fmedia&parent=7576"}],"wp:term":[{"taxonomy":"category","embeddable":true,"href":"https:\/\/www.vonklopp.se\/wordpress\/index.php?rest_route=%2Fwp%2Fv2%2Fcategories&post=7576"},{"taxonomy":"post_tag","embeddable":true,"href":"https:\/\/www.vonklopp.se\/wordpress\/index.php?rest_route=%2Fwp%2Fv2%2Ftags&post=7576"}],"curies":[{"name":"wp","href":"https:\/\/api.w.org\/{rel}","templated":true}]}}