{"id":8044,"date":"2023-11-21T13:51:57","date_gmt":"2023-11-21T12:51:57","guid":{"rendered":"https:\/\/www.vonklopp.se\/wordpress\/?p=8044"},"modified":"2023-11-21T16:02:42","modified_gmt":"2023-11-21T15:02:42","slug":"lango","status":"publish","type":"post","link":"https:\/\/www.vonklopp.se\/wordpress\/?p=8044","title":{"rendered":"L\u00e5ng\u00f6"},"content":{"rendered":"\n<figure class=\"wp-block-image size-full\"><img loading=\"lazy\" decoding=\"async\" width=\"960\" height=\"619\" src=\"https:\/\/www.vonklopp.se\/wordpress\/wp-content\/uploads\/2023\/11\/lango_hist.jpg\" alt=\"\" class=\"wp-image-8045\" srcset=\"https:\/\/www.vonklopp.se\/wordpress\/wp-content\/uploads\/2023\/11\/lango_hist.jpg 960w, https:\/\/www.vonklopp.se\/wordpress\/wp-content\/uploads\/2023\/11\/lango_hist-800x516.jpg 800w, https:\/\/www.vonklopp.se\/wordpress\/wp-content\/uploads\/2023\/11\/lango_hist-768x495.jpg 768w\" sizes=\"auto, (max-width: 960px) 100vw, 960px\" \/><figcaption>Dammen vid L\u00e5ng\u00f6 p\u00e5 1920-talet. Foto: J\u00f6nk\u00f6pings l\u00e4ns museum<\/figcaption><\/figure>\n\n\n\n<p>L\u00e5ng\u00f6 kraftverk ligger vid Vrigstads\u00e5ns utlopp i sj\u00f6n Rusken i V\u00e4rnamo kommun. Fallh\u00f6jden utnyttjades f\u00f6r kvarndrift redan p\u00e5 1200-talet och p\u00e5 1840-talet anlades Carlstr\u00f6ms manufakturverk med r\u00e4ck- och kniphammare.<\/p>\n\n\n\n<figure class=\"wp-block-image size-full\"><img loading=\"lazy\" decoding=\"async\" width=\"960\" height=\"720\" src=\"https:\/\/www.vonklopp.se\/wordpress\/wp-content\/uploads\/2023\/11\/lango_blog-1.jpg\" alt=\"\" class=\"wp-image-8046\" srcset=\"https:\/\/www.vonklopp.se\/wordpress\/wp-content\/uploads\/2023\/11\/lango_blog-1.jpg 960w, https:\/\/www.vonklopp.se\/wordpress\/wp-content\/uploads\/2023\/11\/lango_blog-1-800x600.jpg 800w, https:\/\/www.vonklopp.se\/wordpress\/wp-content\/uploads\/2023\/11\/lango_blog-1-768x576.jpg 768w\" sizes=\"auto, (max-width: 960px) 100vw, 960px\" \/><figcaption>Dammen vid L\u00e5ng\u00f6 idag.<\/figcaption><\/figure>\n\n\n\n<p>I b\u00f6rjan av 1900-talet uppf\u00f6rdes en damm och elektrisk kraftstation av Ohs bruk som beh\u00f6vde kraft f\u00f6r att driva en massafabrik vid Ruskens utlopp. 1947 ans\u00f6kte bruket om att f\u00e5 riva ut den befintliga kraftstationen och bygga en st\u00f6rre station p\u00e5 uppstr\u00f6mssidan av dammen. Samtidigt ans\u00f6kte man om en h\u00f6jning av d\u00e4mningsgr\u00e4nsen och tillst\u00e5nd att anl\u00e4gga en sp\u00e4rrdamm norr om stationen f\u00f6r att skapa ett st\u00f6rre magasin.<\/p>\n\n\n\n<figure class=\"wp-block-image size-full\"><img loading=\"lazy\" decoding=\"async\" width=\"960\" height=\"720\" src=\"https:\/\/www.vonklopp.se\/wordpress\/wp-content\/uploads\/2023\/11\/lango_blog-4.jpg\" alt=\"\" class=\"wp-image-8047\" srcset=\"https:\/\/www.vonklopp.se\/wordpress\/wp-content\/uploads\/2023\/11\/lango_blog-4.jpg 960w, https:\/\/www.vonklopp.se\/wordpress\/wp-content\/uploads\/2023\/11\/lango_blog-4-800x600.jpg 800w, https:\/\/www.vonklopp.se\/wordpress\/wp-content\/uploads\/2023\/11\/lango_blog-4-768x576.jpg 768w\" sizes=\"auto, (max-width: 960px) 100vw, 960px\" \/><figcaption>Maskinstationen med intaget till h\u00f6ger i bild.<\/figcaption><\/figure>\n\n\n\n<p>Det nya kraftverket stod klart 1956 och utnyttjar en fallh\u00f6jd om 9,5 meter. Intaget ligger p\u00e5 \u00e5ns h\u00f6gra sida. En 140 meter l\u00e5ng utloppstunnel leder vattnet till Rusken och massorna fr\u00e5n tunnelbygget har tippats uppstr\u00f6ms maskinstationen. Den gamla stationens intags- och utlopps kanaler finns delvis kvar p\u00e5 dammens nedstr\u00f6mssida.<\/p>\n\n\n\n<figure class=\"wp-block-image size-full\"><img loading=\"lazy\" decoding=\"async\" width=\"960\" height=\"720\" src=\"https:\/\/www.vonklopp.se\/wordpress\/wp-content\/uploads\/2023\/11\/lango_blog-3.jpg\" alt=\"\" class=\"wp-image-8048\" srcset=\"https:\/\/www.vonklopp.se\/wordpress\/wp-content\/uploads\/2023\/11\/lango_blog-3.jpg 960w, https:\/\/www.vonklopp.se\/wordpress\/wp-content\/uploads\/2023\/11\/lango_blog-3-800x600.jpg 800w, https:\/\/www.vonklopp.se\/wordpress\/wp-content\/uploads\/2023\/11\/lango_blog-3-768x576.jpg 768w\" sizes=\"auto, (max-width: 960px) 100vw, 960px\" \/><figcaption>Kraftstationen sedd fr\u00e5n dammen. Intaget \u00e4r p\u00e5 byggnadens h\u00f6gra sida.<\/figcaption><\/figure>\n\n\n\n<p>L\u00e5ng\u00f6 kraftverk \u00e4gs idag av Statkraft. Den installerade effekten \u00e4r 1 MW och \u00e5rsproduktionen \u00e4r 3,6 GWh.<\/p>\n<p>Views: 41<\/p>","protected":false},"excerpt":{"rendered":"<p>L\u00e5ng\u00f6 kraftverk ligger vid Vrigstads\u00e5ns utlopp i sj\u00f6n Rusken i V\u00e4rnamo kommun. Fallh\u00f6jden utnyttjades f\u00f6r kvarndrift redan p\u00e5 1200-talet och p\u00e5 1840-talet anlades Carlstr\u00f6ms manufakturverk med r\u00e4ck- och kniphammare. I b\u00f6rjan av 1900-talet uppf\u00f6rdes en damm och elektrisk kraftstation av Ohs bruk som beh\u00f6vde kraft f\u00f6r att driva en massafabrik &hellip;<\/p>\n<div class=\"wrap-excerpt-more\"><a class=\"excerpt-more\" href=\"https:\/\/www.vonklopp.se\/wordpress\/?p=8044\">Read more<\/a><\/div>\n","protected":false},"author":1,"featured_media":8050,"comment_status":"open","ping_status":"open","sticky":false,"template":"","format":"standard","meta":{"_monsterinsights_skip_tracking":false,"_monsterinsights_sitenote_active":false,"_monsterinsights_sitenote_note":"","_monsterinsights_sitenote_category":0,"_s2mail":"yes","footnotes":""},"categories":[755],"tags":[55,67,232,109],"class_list":["post-8044","post","type-post","status-publish","format-standard","has-post-thumbnail","hentry","category-svenska-kraftverk","tag-kraftverk","tag-smaland","tag-statkraft","tag-vattenkraft","post--featured-image"],"aioseo_notices":[],"_links":{"self":[{"href":"https:\/\/www.vonklopp.se\/wordpress\/index.php?rest_route=\/wp\/v2\/posts\/8044","targetHints":{"allow":["GET"]}}],"collection":[{"href":"https:\/\/www.vonklopp.se\/wordpress\/index.php?rest_route=\/wp\/v2\/posts"}],"about":[{"href":"https:\/\/www.vonklopp.se\/wordpress\/index.php?rest_route=\/wp\/v2\/types\/post"}],"author":[{"embeddable":true,"href":"https:\/\/www.vonklopp.se\/wordpress\/index.php?rest_route=\/wp\/v2\/users\/1"}],"replies":[{"embeddable":true,"href":"https:\/\/www.vonklopp.se\/wordpress\/index.php?rest_route=%2Fwp%2Fv2%2Fcomments&post=8044"}],"version-history":[{"count":3,"href":"https:\/\/www.vonklopp.se\/wordpress\/index.php?rest_route=\/wp\/v2\/posts\/8044\/revisions"}],"predecessor-version":[{"id":8053,"href":"https:\/\/www.vonklopp.se\/wordpress\/index.php?rest_route=\/wp\/v2\/posts\/8044\/revisions\/8053"}],"wp:featuredmedia":[{"embeddable":true,"href":"https:\/\/www.vonklopp.se\/wordpress\/index.php?rest_route=\/wp\/v2\/media\/8050"}],"wp:attachment":[{"href":"https:\/\/www.vonklopp.se\/wordpress\/index.php?rest_route=%2Fwp%2Fv2%2Fmedia&parent=8044"}],"wp:term":[{"taxonomy":"category","embeddable":true,"href":"https:\/\/www.vonklopp.se\/wordpress\/index.php?rest_route=%2Fwp%2Fv2%2Fcategories&post=8044"},{"taxonomy":"post_tag","embeddable":true,"href":"https:\/\/www.vonklopp.se\/wordpress\/index.php?rest_route=%2Fwp%2Fv2%2Ftags&post=8044"}],"curies":[{"name":"wp","href":"https:\/\/api.w.org\/{rel}","templated":true}]}}