{"id":8101,"date":"2024-02-27T14:29:16","date_gmt":"2024-02-27T13:29:16","guid":{"rendered":"https:\/\/www.vonklopp.se\/wordpress\/?p=8101"},"modified":"2024-02-28T08:04:32","modified_gmt":"2024-02-28T07:04:32","slug":"bagede","status":"publish","type":"post","link":"https:\/\/www.vonklopp.se\/wordpress\/?p=8101","title":{"rendered":"B\u00e5gede"},"content":{"rendered":"\n<figure class=\"wp-block-image size-full\"><img loading=\"lazy\" decoding=\"async\" width=\"960\" height=\"720\" src=\"https:\/\/www.vonklopp.se\/wordpress\/wp-content\/uploads\/2024\/02\/bagede_blog-1.jpg\" alt=\"\" class=\"wp-image-8103\" srcset=\"https:\/\/www.vonklopp.se\/wordpress\/wp-content\/uploads\/2024\/02\/bagede_blog-1.jpg 960w, https:\/\/www.vonklopp.se\/wordpress\/wp-content\/uploads\/2024\/02\/bagede_blog-1-800x600.jpg 800w, https:\/\/www.vonklopp.se\/wordpress\/wp-content\/uploads\/2024\/02\/bagede_blog-1-768x576.jpg 768w\" sizes=\"auto, (max-width: 960px) 100vw, 960px\" \/><figcaption class=\"wp-element-caption\">Nedstr\u00f6ms regleringsdammen vid B\u00e5gedeforsen.<\/figcaption><\/figure>\n\n\n\n<p>B\u00e5gede kraftverk ligger cirka 60 kilometer f\u00e5gelv\u00e4gen nordv\u00e4st om Str\u00f6msund, i den del av Fax\u00e4lven som kallas Str\u00f6ms vattudal.<\/p>\n\n\n\n<figure data-wp-context=\"{&quot;imageId&quot;:&quot;69f2a7b811449&quot;}\" data-wp-interactive=\"core\/image\" class=\"wp-block-image size-large wp-lightbox-container\"><img loading=\"lazy\" decoding=\"async\" width=\"1280\" height=\"1023\" data-wp-class--hide=\"state.isContentHidden\" data-wp-class--show=\"state.isContentVisible\" data-wp-init=\"callbacks.setButtonStyles\" data-wp-on-async--click=\"actions.showLightbox\" data-wp-on-async--load=\"callbacks.setButtonStyles\" data-wp-on-async-window--resize=\"callbacks.setButtonStyles\" src=\"https:\/\/www.vonklopp.se\/wordpress\/wp-content\/uploads\/2024\/02\/bagede_turlista-1-1280x1023.jpg\" alt=\"\" class=\"wp-image-8104\" srcset=\"https:\/\/www.vonklopp.se\/wordpress\/wp-content\/uploads\/2024\/02\/bagede_turlista-1-1280x1023.jpg 1280w, https:\/\/www.vonklopp.se\/wordpress\/wp-content\/uploads\/2024\/02\/bagede_turlista-1-800x639.jpg 800w, https:\/\/www.vonklopp.se\/wordpress\/wp-content\/uploads\/2024\/02\/bagede_turlista-1-768x614.jpg 768w, https:\/\/www.vonklopp.se\/wordpress\/wp-content\/uploads\/2024\/02\/bagede_turlista-1.jpg 1400w\" sizes=\"auto, (max-width: 1280px) 100vw, 1280px\" \/><button\n\t\t\tclass=\"lightbox-trigger\"\n\t\t\ttype=\"button\"\n\t\t\taria-haspopup=\"dialog\"\n\t\t\taria-label=\"Enlarge\"\n\t\t\tdata-wp-init=\"callbacks.initTriggerButton\"\n\t\t\tdata-wp-on-async--click=\"actions.showLightbox\"\n\t\t\tdata-wp-style--right=\"state.imageButtonRight\"\n\t\t\tdata-wp-style--top=\"state.imageButtonTop\"\n\t\t>\n\t\t\t<svg xmlns=\"http:\/\/www.w3.org\/2000\/svg\" width=\"12\" height=\"12\" fill=\"none\" viewBox=\"0 0 12 12\">\n\t\t\t\t<path fill=\"#fff\" d=\"M2 0a2 2 0 0 0-2 2v2h1.5V2a.5.5 0 0 1 .5-.5h2V0H2Zm2 10.5H2a.5.5 0 0 1-.5-.5V8H0v2a2 2 0 0 0 2 2h2v-1.5ZM8 12v-1.5h2a.5.5 0 0 0 .5-.5V8H12v2a2 2 0 0 1-2 2H8Zm2-12a2 2 0 0 1 2 2v2h-1.5V2a.5.5 0 0 0-.5-.5H8V0h2Z\" \/>\n\t\t\t<\/svg>\n\t\t<\/button><figcaption class=\"wp-element-caption\">Turlista f\u00f6r b\u00e5ttrafiken p\u00e5 Str\u00f6ms Vattudal 1922. Klicka p\u00e5 bilden f\u00f6r st\u00f6rre format.<\/figcaption><\/figure>\n\n\n\n<p>Runt f\u00f6rra sekelskiftet var \u00e4lven en viktig transportled och p\u00e5 1920-talet trafikerades str\u00e4ckan Str\u00f6msund \u2013 B\u00e5gede fyra g\u00e5nger per vecka. Vid B\u00e5gedeforsen (som p\u00e5 grund av fallh\u00f6jden inte var seglingsbar) bytte man b\u00e5t f\u00f6r den fortsatta resan mot G\u00e4ddede.<\/p>\n\n\n\n<figure class=\"wp-block-image size-full\"><img loading=\"lazy\" decoding=\"async\" width=\"960\" height=\"685\" src=\"https:\/\/www.vonklopp.se\/wordpress\/wp-content\/uploads\/2024\/02\/bagede_blog-6.jpg\" alt=\"\" class=\"wp-image-8105\" srcset=\"https:\/\/www.vonklopp.se\/wordpress\/wp-content\/uploads\/2024\/02\/bagede_blog-6.jpg 960w, https:\/\/www.vonklopp.se\/wordpress\/wp-content\/uploads\/2024\/02\/bagede_blog-6-800x571.jpg 800w, https:\/\/www.vonklopp.se\/wordpress\/wp-content\/uploads\/2024\/02\/bagede_blog-6-768x548.jpg 768w\" sizes=\"auto, (max-width: 960px) 100vw, 960px\" \/><figcaption class=\"wp-element-caption\">&nbsp;<a href=\"https:\/\/www.postmuseum.se\/bocker\/2004\/2004_6-99-114_Hamberg.pdf\">Postdiligens <\/a>p\u00e5 linjen Sollefte\u00e5 &#8211; Str\u00f6msund &#8211; Jormlien &#8211; Ankarede passerar B\u00e5gede n\u00e5gon g\u00e5ng p\u00e5 1930-talet. Foto: Lundholm, Aug \/ Postmuseet.<\/figcaption><\/figure>\n\n\n\n<p>Vid sidan om gods- och timmertransporter anv\u00e4ndes b\u00e5tlinjen f\u00f6r turism och i B\u00e5gede byggdes ett turisthotell 1911. Det fanns \u00e4ven planer p\u00e5 en slussled f\u00f6rbi forsen som skulle m\u00f6jligg\u00f6ra direkt b\u00e5ttrafik till Norge. N\u00e4r landsv\u00e4gsf\u00f6rbindelsen mellan Str\u00f6msund och G\u00e4ddede blev klar p\u00e5 1930-talet f\u00f6rsvann mycket av trafikunderlaget. \u00a0Den fortsatta b\u00e5ttrafiken utf\u00f6rde huvudsakligen timmerbogsering.<\/p>\n\n\n\n<figure class=\"wp-block-image size-full\"><img loading=\"lazy\" decoding=\"async\" width=\"960\" height=\"720\" src=\"https:\/\/www.vonklopp.se\/wordpress\/wp-content\/uploads\/2024\/02\/bagede_blog-2.jpg\" alt=\"\" class=\"wp-image-8106\" srcset=\"https:\/\/www.vonklopp.se\/wordpress\/wp-content\/uploads\/2024\/02\/bagede_blog-2.jpg 960w, https:\/\/www.vonklopp.se\/wordpress\/wp-content\/uploads\/2024\/02\/bagede_blog-2-800x600.jpg 800w, https:\/\/www.vonklopp.se\/wordpress\/wp-content\/uploads\/2024\/02\/bagede_blog-2-768x576.jpg 768w\" sizes=\"auto, (max-width: 960px) 100vw, 960px\" \/><figcaption class=\"wp-element-caption\">Fiskv\u00e4g och segmentlucka.<\/figcaption><\/figure>\n\n\n\n<p>Regleringsdammen i B\u00e5gede byggdes som en del av \u00c5ngerman\u00e4lvens reglering vilken p\u00e5b\u00f6rjades p\u00e5 1940-talet. Dammen stod klar 1955. Om den verkar bekant kan det bero p\u00e5 att den f\u00f6rekommer i filmen Dunderklumpen fr\u00e5n 1974.<\/p>\n\n\n\n<iframe loading=\"lazy\" width=\"960\" height=\"543\" src=\"https:\/\/www.youtube.com\/embed\/mSCCRjmT910?si=sSGbHD-LZQDveo1y\" title=\"YouTube video player\" frameborder=\"0\" allow=\"accelerometer; autoplay; clipboard-write; encrypted-media; gyroscope; picture-in-picture; web-share\" allowfullscreen><\/iframe>\n\n\n\n<p>Scenerna fr\u00e5n B\u00e5gede filmades 1970-1971 och i filmen tappar Dunderklumpen skattkistan vid avs\u00e4nkningskanalens utskov. <\/p>\n\n\n\n<figure class=\"wp-block-image size-full\"><img loading=\"lazy\" decoding=\"async\" width=\"960\" height=\"720\" src=\"https:\/\/www.vonklopp.se\/wordpress\/wp-content\/uploads\/2024\/02\/bagede_blog-5.jpg\" alt=\"\" class=\"wp-image-8108\" srcset=\"https:\/\/www.vonklopp.se\/wordpress\/wp-content\/uploads\/2024\/02\/bagede_blog-5.jpg 960w, https:\/\/www.vonklopp.se\/wordpress\/wp-content\/uploads\/2024\/02\/bagede_blog-5-800x600.jpg 800w, https:\/\/www.vonklopp.se\/wordpress\/wp-content\/uploads\/2024\/02\/bagede_blog-5-768x576.jpg 768w\" sizes=\"auto, (max-width: 960px) 100vw, 960px\" \/><figcaption class=\"wp-element-caption\">Maskinstationen med intaget till v\u00e4nster i bild. <\/figcaption><\/figure>\n\n\n\n<p>Kraftverket i B\u00e5gede byggdes 1974 och \u00e4gs av Holmen AB. Det \u00e4r f\u00f6rsett med en bulbturbin p\u00e5 13,4 MW och \u00e5rsproduktionen \u00e4r cirka 70 GWh. Bulbturbiner (eller r\u00f6rturbiner) \u00e4r inbyggda i vattenv\u00e4gen och g\u00f6r det m\u00f6jligt att utnyttja l\u00e5ga fallh\u00f6jder med h\u00f6ga fl\u00f6den effektivt. Kraftverk med bulbturbin blev vanliga p\u00e5 1970-talet och byggdes ofta i anslutning till befintliga regleringsdammar.<\/p>\n\n\n\n<figure class=\"wp-block-image size-full\"><img loading=\"lazy\" decoding=\"async\" width=\"960\" height=\"720\" src=\"https:\/\/www.vonklopp.se\/wordpress\/wp-content\/uploads\/2024\/02\/bagede_blog-4.jpg\" alt=\"\" class=\"wp-image-8109\" srcset=\"https:\/\/www.vonklopp.se\/wordpress\/wp-content\/uploads\/2024\/02\/bagede_blog-4.jpg 960w, https:\/\/www.vonklopp.se\/wordpress\/wp-content\/uploads\/2024\/02\/bagede_blog-4-800x600.jpg 800w, https:\/\/www.vonklopp.se\/wordpress\/wp-content\/uploads\/2024\/02\/bagede_blog-4-768x576.jpg 768w\" sizes=\"auto, (max-width: 960px) 100vw, 960px\" \/><figcaption class=\"wp-element-caption\">Maskinstationen p\u00e5 uppstr\u00f6mssidan.<\/figcaption><\/figure>\n\n\n\n<p>P\u00e5 1970-talet var fokus p\u00e5 att bygga rationellt och billigt i st\u00e4llet f\u00f6r att ge industribyggnader en p\u00e5kostad arkitektur. Det g\u00e4ller \u00e4ven B\u00e5gede d\u00e4r man m\u00f6ts av en ganska oansenlig tr\u00e4byggnad vid intaget och maskinsalen \u00e4r byggd runt vattenv\u00e4gen under jord.<\/p>\n\n\n\n<figure class=\"wp-block-image size-full\"><img loading=\"lazy\" decoding=\"async\" width=\"960\" height=\"720\" src=\"https:\/\/www.vonklopp.se\/wordpress\/wp-content\/uploads\/2024\/02\/bagede_blog-3.jpg\" alt=\"\" class=\"wp-image-8110\" srcset=\"https:\/\/www.vonklopp.se\/wordpress\/wp-content\/uploads\/2024\/02\/bagede_blog-3.jpg 960w, https:\/\/www.vonklopp.se\/wordpress\/wp-content\/uploads\/2024\/02\/bagede_blog-3-800x600.jpg 800w, https:\/\/www.vonklopp.se\/wordpress\/wp-content\/uploads\/2024\/02\/bagede_blog-3-768x576.jpg 768w\" sizes=\"auto, (max-width: 960px) 100vw, 960px\" \/><figcaption class=\"wp-element-caption\">Bockkranen togs bort i samband med renovering 2023.<\/figcaption><\/figure>\n\n\n\n<p>Sedan mitt bes\u00f6k sommaren 2023 har anl\u00e4ggningen moderniserats. Ett nytt tak har installerats \u00f6ver maskinsalen och en inv\u00e4ndig travers har ersatt bockkranen som visas p\u00e5 bilderna.<\/p>\n<p>Views: 112<\/p>","protected":false},"excerpt":{"rendered":"<p>B\u00e5gede kraftverk ligger cirka 60 kilometer f\u00e5gelv\u00e4gen nordv\u00e4st om Str\u00f6msund, i den del av Fax\u00e4lven som kallas Str\u00f6ms vattudal. Runt f\u00f6rra sekelskiftet var \u00e4lven en viktig transportled och p\u00e5 1920-talet trafikerades str\u00e4ckan Str\u00f6msund \u2013 B\u00e5gede fyra g\u00e5nger per vecka. Vid B\u00e5gedeforsen (som p\u00e5 grund av fallh\u00f6jden inte var seglingsbar) bytte &hellip;<\/p>\n<div class=\"wrap-excerpt-more\"><a class=\"excerpt-more\" href=\"https:\/\/www.vonklopp.se\/wordpress\/?p=8101\">Read more<\/a><\/div>\n","protected":false},"author":1,"featured_media":8102,"comment_status":"open","ping_status":"open","sticky":false,"template":"","format":"standard","meta":{"_monsterinsights_skip_tracking":false,"_monsterinsights_sitenote_active":false,"_monsterinsights_sitenote_note":"","_monsterinsights_sitenote_category":0,"_s2mail":"","footnotes":""},"categories":[755],"tags":[1106,1107,1105,484,1103,314,300,55,109],"class_list":["post-8101","post","type-post","status-publish","format-standard","has-post-thumbnail","hentry","category-svenska-kraftverk","tag-angermanalven-2","tag-avf","tag-bagede","tag-elproduktion","tag-faxalven","tag-holmen","tag-kraftstation","tag-kraftverk","tag-vattenkraft","post--featured-image"],"aioseo_notices":[],"_links":{"self":[{"href":"https:\/\/www.vonklopp.se\/wordpress\/index.php?rest_route=\/wp\/v2\/posts\/8101","targetHints":{"allow":["GET"]}}],"collection":[{"href":"https:\/\/www.vonklopp.se\/wordpress\/index.php?rest_route=\/wp\/v2\/posts"}],"about":[{"href":"https:\/\/www.vonklopp.se\/wordpress\/index.php?rest_route=\/wp\/v2\/types\/post"}],"author":[{"embeddable":true,"href":"https:\/\/www.vonklopp.se\/wordpress\/index.php?rest_route=\/wp\/v2\/users\/1"}],"replies":[{"embeddable":true,"href":"https:\/\/www.vonklopp.se\/wordpress\/index.php?rest_route=%2Fwp%2Fv2%2Fcomments&post=8101"}],"version-history":[{"count":9,"href":"https:\/\/www.vonklopp.se\/wordpress\/index.php?rest_route=\/wp\/v2\/posts\/8101\/revisions"}],"predecessor-version":[{"id":8119,"href":"https:\/\/www.vonklopp.se\/wordpress\/index.php?rest_route=\/wp\/v2\/posts\/8101\/revisions\/8119"}],"wp:featuredmedia":[{"embeddable":true,"href":"https:\/\/www.vonklopp.se\/wordpress\/index.php?rest_route=\/wp\/v2\/media\/8102"}],"wp:attachment":[{"href":"https:\/\/www.vonklopp.se\/wordpress\/index.php?rest_route=%2Fwp%2Fv2%2Fmedia&parent=8101"}],"wp:term":[{"taxonomy":"category","embeddable":true,"href":"https:\/\/www.vonklopp.se\/wordpress\/index.php?rest_route=%2Fwp%2Fv2%2Fcategories&post=8101"},{"taxonomy":"post_tag","embeddable":true,"href":"https:\/\/www.vonklopp.se\/wordpress\/index.php?rest_route=%2Fwp%2Fv2%2Ftags&post=8101"}],"curies":[{"name":"wp","href":"https:\/\/api.w.org\/{rel}","templated":true}]}}