{"id":8166,"date":"2024-04-25T13:31:28","date_gmt":"2024-04-25T12:31:28","guid":{"rendered":"https:\/\/www.vonklopp.se\/wordpress\/?p=8166"},"modified":"2024-04-25T14:34:54","modified_gmt":"2024-04-25T13:34:54","slug":"duved","status":"publish","type":"post","link":"https:\/\/www.vonklopp.se\/wordpress\/?p=8166","title":{"rendered":"Duved"},"content":{"rendered":"\n<figure class=\"wp-block-image size-full\"><img loading=\"lazy\" decoding=\"async\" width=\"960\" height=\"720\" src=\"https:\/\/www.vonklopp.se\/wordpress\/wp-content\/uploads\/2024\/04\/duved_blog-4.jpg\" alt=\"\" class=\"wp-image-8167\" srcset=\"https:\/\/www.vonklopp.se\/wordpress\/wp-content\/uploads\/2024\/04\/duved_blog-4.jpg 960w, https:\/\/www.vonklopp.se\/wordpress\/wp-content\/uploads\/2024\/04\/duved_blog-4-800x600.jpg 800w, https:\/\/www.vonklopp.se\/wordpress\/wp-content\/uploads\/2024\/04\/duved_blog-4-768x576.jpg 768w\" sizes=\"auto, (max-width: 960px) 100vw, 960px\" \/><figcaption class=\"wp-element-caption\">Intaget i sj\u00f6n Greningen.<\/figcaption><\/figure>\n\n\n\n<p>Duveds kraftverk stod f\u00e4rdigt 1960 och utnyttjar 211 meters fallh\u00f6jd mellan intaget i sj\u00f6n Greningen och utloppet i Indals\u00e4lven. 1960-\u00e5rs kraftstation \u00e4r den tredje i ordningen. Den f\u00f6rsta byggdes av \u00c5re Aktiebolag 1918 och hade en installerad effekt p\u00e5 200 kW.<\/p>\n\n\n\n<figure class=\"wp-block-image size-full\"><img loading=\"lazy\" decoding=\"async\" width=\"960\" height=\"720\" src=\"https:\/\/www.vonklopp.se\/wordpress\/wp-content\/uploads\/2024\/04\/duved_blog-5.jpg\" alt=\"\" class=\"wp-image-8168\" srcset=\"https:\/\/www.vonklopp.se\/wordpress\/wp-content\/uploads\/2024\/04\/duved_blog-5.jpg 960w, https:\/\/www.vonklopp.se\/wordpress\/wp-content\/uploads\/2024\/04\/duved_blog-5-800x600.jpg 800w, https:\/\/www.vonklopp.se\/wordpress\/wp-content\/uploads\/2024\/04\/duved_blog-5-768x576.jpg 768w\" sizes=\"auto, (max-width: 960px) 100vw, 960px\" \/><figcaption class=\"wp-element-caption\">Den numera rivna dammen i Nedre Greningen med intaget till 1937-\u00e5rs kraftstation.<\/figcaption><\/figure>\n\n\n\n<p>1937 togs station nummer tv\u00e5 i drift med en peltonturbin p\u00e5 740 kW. Drivvattnet n\u00e5dde turbinen via en tub med en sammanlagd l\u00e4ngd av 1886 meter. Stationens intag och sp\u00e5r av tuben kunde l\u00e4nge ses vid den gamla regleringsdammen som revs f\u00f6r n\u00e5got \u00e5r sedan.<\/p>\n\n\n\n<figure class=\"wp-block-image size-full\"><img loading=\"lazy\" decoding=\"async\" width=\"960\" height=\"720\" src=\"https:\/\/www.vonklopp.se\/wordpress\/wp-content\/uploads\/2024\/04\/duved_blog-1.jpg\" alt=\"\" class=\"wp-image-8169\" srcset=\"https:\/\/www.vonklopp.se\/wordpress\/wp-content\/uploads\/2024\/04\/duved_blog-1.jpg 960w, https:\/\/www.vonklopp.se\/wordpress\/wp-content\/uploads\/2024\/04\/duved_blog-1-800x600.jpg 800w, https:\/\/www.vonklopp.se\/wordpress\/wp-content\/uploads\/2024\/04\/duved_blog-1-768x576.jpg 768w\" sizes=\"auto, (max-width: 960px) 100vw, 960px\" \/><figcaption class=\"wp-element-caption\">Maskinstationen fr\u00e5n 1960.<\/figcaption><\/figure>\n\n\n\n<p>1955 gavs tillst\u00e5nd till utvidgad reglering och i samband med det uppf\u00f6rdes dagens kraftstation som stod klar h\u00f6sten 1960. Maskinstationen vid foten av Forsaberget \u00e4r en tv\u00e5v\u00e5ningsbyggnad med fasader i r\u00f6tt tegel. Till den nya stationen leds vattnet via en 1600 meter l\u00e5ng tunnel f\u00f6ljd av en 634 meter l\u00e5ng st\u00e5ltub.<\/p>\n\n\n\n<figure class=\"wp-block-image size-full\"><img loading=\"lazy\" decoding=\"async\" width=\"960\" height=\"720\" src=\"https:\/\/www.vonklopp.se\/wordpress\/wp-content\/uploads\/2024\/04\/duved_blog-2.jpg\" alt=\"\" class=\"wp-image-8170\" srcset=\"https:\/\/www.vonklopp.se\/wordpress\/wp-content\/uploads\/2024\/04\/duved_blog-2.jpg 960w, https:\/\/www.vonklopp.se\/wordpress\/wp-content\/uploads\/2024\/04\/duved_blog-2-800x600.jpg 800w, https:\/\/www.vonklopp.se\/wordpress\/wp-content\/uploads\/2024\/04\/duved_blog-2-768x576.jpg 768w\" sizes=\"auto, (max-width: 960px) 100vw, 960px\" \/><figcaption class=\"wp-element-caption\">Maskinsalen med turbin (n\u00e4rmast i bild) och generator.<\/figcaption><\/figure>\n\n\n\n<p>Vid idrifttagandet hade kraftstationen en horisontalaxlad francisturbin levererad av Kvaerner med en slukf\u00f6rm\u00e5ga p\u00e5 2,8 m\u00b3\/s. Den installerade effekten var 5 MW.<\/p>\n\n\n\n<p>Anl\u00e4ggningen byggdes som pumpkraftverk och under maskinsalen stod en pump med kapaciteten 0,5 m\u00b3\/s. Pumpfunktionen f\u00f6rutsatte emellertid att man byggde ett planerat kraftverk med magasin vid Tegeforsen som ligger ungef\u00e4r tre kilometer nedstr\u00f6ms Duveds kraftverk.<\/p>\n\n\n\n<figure class=\"wp-block-image size-full\"><img loading=\"lazy\" decoding=\"async\" width=\"960\" height=\"720\" src=\"https:\/\/www.vonklopp.se\/wordpress\/wp-content\/uploads\/2024\/04\/duved_blog-3.jpg\" alt=\"\" class=\"wp-image-8171\" srcset=\"https:\/\/www.vonklopp.se\/wordpress\/wp-content\/uploads\/2024\/04\/duved_blog-3.jpg 960w, https:\/\/www.vonklopp.se\/wordpress\/wp-content\/uploads\/2024\/04\/duved_blog-3-800x600.jpg 800w, https:\/\/www.vonklopp.se\/wordpress\/wp-content\/uploads\/2024\/04\/duved_blog-3-768x576.jpg 768w\" sizes=\"auto, (max-width: 960px) 100vw, 960px\" \/><figcaption class=\"wp-element-caption\">Pumpen var placerad i ett utrymme under maskinsalen. <\/figcaption><\/figure>\n\n\n\n<p>N\u00e4r Tegeforsprojektet inte blev av hamnade nedstr\u00f6msytan i Duved f\u00f6r l\u00e5gt och pumpen kunde d\u00e4rf\u00f6r inte tas i bruk. Den skrotades 2020 i samband med en st\u00f6rre renovering av kraftverket. Turbin och generator byttes ut och den installerade effekten \u00f6kade till 6,4 MW.<\/p>\n\n\n\n<p><\/p>\n<p>Views: 128<\/p>","protected":false},"excerpt":{"rendered":"<p>Duveds kraftverk stod f\u00e4rdigt 1960 och utnyttjar 211 meters fallh\u00f6jd mellan intaget i sj\u00f6n Greningen och utloppet i Indals\u00e4lven. 1960-\u00e5rs kraftstation \u00e4r den tredje i ordningen. Den f\u00f6rsta byggdes av \u00c5re Aktiebolag 1918 och hade en installerad effekt p\u00e5 200 kW. 1937 togs station nummer tv\u00e5 i drift med en &hellip;<\/p>\n<div class=\"wrap-excerpt-more\"><a class=\"excerpt-more\" href=\"https:\/\/www.vonklopp.se\/wordpress\/?p=8166\">Read more<\/a><\/div>\n","protected":false},"author":1,"featured_media":8173,"comment_status":"open","ping_status":"open","sticky":false,"template":"","format":"standard","meta":{"_monsterinsights_skip_tracking":false,"_monsterinsights_sitenote_active":false,"_monsterinsights_sitenote_note":"","_monsterinsights_sitenote_category":0,"_s2mail":"yes","footnotes":""},"categories":[755],"tags":[484,499,1054,504,300,55,109],"class_list":["post-8166","post","type-post","status-publish","format-standard","has-post-thumbnail","hentry","category-svenska-kraftverk","tag-elproduktion","tag-indalsalven","tag-ivf100","tag-jamtkraft","tag-kraftstation","tag-kraftverk","tag-vattenkraft","post--featured-image"],"aioseo_notices":[],"_links":{"self":[{"href":"https:\/\/www.vonklopp.se\/wordpress\/index.php?rest_route=\/wp\/v2\/posts\/8166","targetHints":{"allow":["GET"]}}],"collection":[{"href":"https:\/\/www.vonklopp.se\/wordpress\/index.php?rest_route=\/wp\/v2\/posts"}],"about":[{"href":"https:\/\/www.vonklopp.se\/wordpress\/index.php?rest_route=\/wp\/v2\/types\/post"}],"author":[{"embeddable":true,"href":"https:\/\/www.vonklopp.se\/wordpress\/index.php?rest_route=\/wp\/v2\/users\/1"}],"replies":[{"embeddable":true,"href":"https:\/\/www.vonklopp.se\/wordpress\/index.php?rest_route=%2Fwp%2Fv2%2Fcomments&post=8166"}],"version-history":[{"count":3,"href":"https:\/\/www.vonklopp.se\/wordpress\/index.php?rest_route=\/wp\/v2\/posts\/8166\/revisions"}],"predecessor-version":[{"id":8175,"href":"https:\/\/www.vonklopp.se\/wordpress\/index.php?rest_route=\/wp\/v2\/posts\/8166\/revisions\/8175"}],"wp:featuredmedia":[{"embeddable":true,"href":"https:\/\/www.vonklopp.se\/wordpress\/index.php?rest_route=\/wp\/v2\/media\/8173"}],"wp:attachment":[{"href":"https:\/\/www.vonklopp.se\/wordpress\/index.php?rest_route=%2Fwp%2Fv2%2Fmedia&parent=8166"}],"wp:term":[{"taxonomy":"category","embeddable":true,"href":"https:\/\/www.vonklopp.se\/wordpress\/index.php?rest_route=%2Fwp%2Fv2%2Fcategories&post=8166"},{"taxonomy":"post_tag","embeddable":true,"href":"https:\/\/www.vonklopp.se\/wordpress\/index.php?rest_route=%2Fwp%2Fv2%2Ftags&post=8166"}],"curies":[{"name":"wp","href":"https:\/\/api.w.org\/{rel}","templated":true}]}}