{"id":8236,"date":"2024-12-09T11:37:36","date_gmt":"2024-12-09T10:37:36","guid":{"rendered":"https:\/\/www.vonklopp.se\/wordpress\/?p=8236"},"modified":"2024-12-09T11:37:38","modified_gmt":"2024-12-09T10:37:38","slug":"kalender-2025","status":"publish","type":"post","link":"https:\/\/www.vonklopp.se\/wordpress\/?p=8236","title":{"rendered":"Kalender 2025"},"content":{"rendered":"\n<figure class=\"wp-block-image size-full\"><img loading=\"lazy\" decoding=\"async\" width=\"1228\" height=\"1228\" src=\"https:\/\/www.vonklopp.se\/wordpress\/wp-content\/uploads\/2024\/12\/Kalender-2025_HenrikvonKlopp_Sida_01.jpg\" alt=\"\" class=\"wp-image-8237\" srcset=\"https:\/\/www.vonklopp.se\/wordpress\/wp-content\/uploads\/2024\/12\/Kalender-2025_HenrikvonKlopp_Sida_01.jpg 1228w, https:\/\/www.vonklopp.se\/wordpress\/wp-content\/uploads\/2024\/12\/Kalender-2025_HenrikvonKlopp_Sida_01-800x800.jpg 800w, https:\/\/www.vonklopp.se\/wordpress\/wp-content\/uploads\/2024\/12\/Kalender-2025_HenrikvonKlopp_Sida_01-500x500.jpg 500w, https:\/\/www.vonklopp.se\/wordpress\/wp-content\/uploads\/2024\/12\/Kalender-2025_HenrikvonKlopp_Sida_01-768x768.jpg 768w\" sizes=\"auto, (max-width: 1228px) 100vw, 1228px\" \/><figcaption class=\"wp-element-caption\">Omslagsbilden \u00e4r fotograferad i Deje kraftverk.<\/figcaption><\/figure>\n\n\n<p>\u00a0<\/p>\n<p>Kraftverkskalendern f\u00f6r 2025 \u00e4r nu f\u00e4rdig f\u00f6r best\u00e4llning. Formatet \u00e4r 30&#215;30 cm. Best\u00e4ll via email till kalender@vonklopp.se. Ange adress, mobilnummer och mailadress (f\u00f6r avisering) vid best\u00e4llning.<\/p>\n<p><!-- \/wp:post-content --><!-- wp:paragraph --><\/p>\n<p>En kalender kostar 375:- inklusive porto (inom Sverige) och emballage. Tv\u00e5 kalendrar i samma f\u00f6rs\u00e4ndelse kostar 575:- och tre kalendrar kostar 700:- P\u00e5 grund av \u00e4ndringar i Postnords tj\u00e4nster m\u00e5ste f\u00f6rs\u00e4ndelsen h\u00e4mtas hos n\u00e4rmaste<br \/>postombud.<\/p>\n<p><!-- \/wp:paragraph --><!-- wp:paragraph --><\/p>\n<p>Julklappstips: Passa p\u00e5 att best\u00e4lla<a href=\"https:\/\/www.vonklopp.se\/wordpress\/?page_id=6830\"> boken om Indals\u00e4lven <\/a>tillsammans med en kalender och f\u00e5 50:- rabatt (ordinarie pris f\u00f6r boken \u00e4r 425:-). Best\u00e4ll senast 17\/12 f\u00f6r att leveransen ska hinna fram f\u00f6re jul.<\/p>\n<p><!-- \/wp:paragraph --><\/p><p>Views: 83<\/p>","protected":false},"excerpt":{"rendered":"<p>\u00a0 Kraftverkskalendern f\u00f6r 2025 \u00e4r nu f\u00e4rdig f\u00f6r best\u00e4llning. Formatet \u00e4r 30&#215;30 cm. Best\u00e4ll via email till kalender@vonklopp.se. Ange adress, mobilnummer och mailadress (f\u00f6r avisering) vid best\u00e4llning. En kalender kostar 375:- inklusive porto (inom Sverige) och emballage. Tv\u00e5 kalendrar i samma f\u00f6rs\u00e4ndelse kostar 575:- och tre kalendrar kostar 700:- P\u00e5 &hellip;<\/p>\n<div class=\"wrap-excerpt-more\"><a class=\"excerpt-more\" href=\"https:\/\/www.vonklopp.se\/wordpress\/?p=8236\">Read more<\/a><\/div>\n","protected":false},"author":1,"featured_media":8242,"comment_status":"open","ping_status":"open","sticky":false,"template":"","format":"standard","meta":{"_monsterinsights_skip_tracking":false,"_monsterinsights_sitenote_active":false,"_monsterinsights_sitenote_note":"","_monsterinsights_sitenote_category":0,"_s2mail":"yes","footnotes":""},"categories":[755],"tags":[467,484,81,55,109],"class_list":["post-8236","post","type-post","status-publish","format-standard","has-post-thumbnail","hentry","category-svenska-kraftverk","tag-almanacka","tag-elproduktion","tag-kalender","tag-kraftverk","tag-vattenkraft","post--featured-image"],"aioseo_notices":[],"_links":{"self":[{"href":"https:\/\/www.vonklopp.se\/wordpress\/index.php?rest_route=\/wp\/v2\/posts\/8236","targetHints":{"allow":["GET"]}}],"collection":[{"href":"https:\/\/www.vonklopp.se\/wordpress\/index.php?rest_route=\/wp\/v2\/posts"}],"about":[{"href":"https:\/\/www.vonklopp.se\/wordpress\/index.php?rest_route=\/wp\/v2\/types\/post"}],"author":[{"embeddable":true,"href":"https:\/\/www.vonklopp.se\/wordpress\/index.php?rest_route=\/wp\/v2\/users\/1"}],"replies":[{"embeddable":true,"href":"https:\/\/www.vonklopp.se\/wordpress\/index.php?rest_route=%2Fwp%2Fv2%2Fcomments&post=8236"}],"version-history":[{"count":4,"href":"https:\/\/www.vonklopp.se\/wordpress\/index.php?rest_route=\/wp\/v2\/posts\/8236\/revisions"}],"predecessor-version":[{"id":8241,"href":"https:\/\/www.vonklopp.se\/wordpress\/index.php?rest_route=\/wp\/v2\/posts\/8236\/revisions\/8241"}],"wp:featuredmedia":[{"embeddable":true,"href":"https:\/\/www.vonklopp.se\/wordpress\/index.php?rest_route=\/wp\/v2\/media\/8242"}],"wp:attachment":[{"href":"https:\/\/www.vonklopp.se\/wordpress\/index.php?rest_route=%2Fwp%2Fv2%2Fmedia&parent=8236"}],"wp:term":[{"taxonomy":"category","embeddable":true,"href":"https:\/\/www.vonklopp.se\/wordpress\/index.php?rest_route=%2Fwp%2Fv2%2Fcategories&post=8236"},{"taxonomy":"post_tag","embeddable":true,"href":"https:\/\/www.vonklopp.se\/wordpress\/index.php?rest_route=%2Fwp%2Fv2%2Ftags&post=8236"}],"curies":[{"name":"wp","href":"https:\/\/api.w.org\/{rel}","templated":true}]}}