{"id":9,"date":"2007-11-04T11:22:39","date_gmt":"2007-11-04T09:22:39","guid":{"rendered":"http:\/\/www.vonklopp.se\/wordpress\/?p=9"},"modified":"2012-01-24T22:40:01","modified_gmt":"2012-01-24T20:40:01","slug":"stallberg","status":"publish","type":"post","link":"https:\/\/www.vonklopp.se\/wordpress\/?p=9","title":{"rendered":"St\u00e4llberg"},"content":{"rendered":"<p><img loading=\"lazy\" decoding=\"async\" src=\"http:\/\/www.vonklopp.se\/images\/stall_tn.jpg\" alt=\"St\u00e4llberg\" width=\"470\" height=\"514\" align=\"absmiddle\" \/><\/p>\n<p>I St\u00e4llberg bedrevs gruvdrift mellan 1867 och 1977. Laven p\u00e5 bilderna byggdes 1920-22.<\/p>\n<p>Gruvan var l\u00e4nge sveriges djupaste. Som l\u00e4gst n\u00e5dde man niv\u00e5n 1050m. P\u00e5 det djupet var det 22 grader varmt.<\/p>\n<p>P\u00e5 50-talet arbetade ett 100-tal personer i St\u00e4llbergsf\u00e4ltet vilket \u00e4ven omfattade Haggruvan.<\/p>\n<p>Idag st\u00e5r gruvbyggnaderna och f\u00f6rfaller. Kombinationen av fukt fr\u00e5n gruvschaktet och frost har g\u00e5tt h\u00e5rt \u00e5t laven.<\/p>\n<p>&nbsp;<\/p>\n<p>Views: 33<\/p>","protected":false},"excerpt":{"rendered":"<p>I St\u00e4llberg bedrevs gruvdrift mellan 1867 och 1977. Laven p\u00e5 bilderna byggdes 1920-22. Gruvan var l\u00e4nge sveriges djupaste. Som l\u00e4gst n\u00e5dde man niv\u00e5n 1050m. P\u00e5 det djupet var det 22 grader varmt. P\u00e5 50-talet arbetade ett 100-tal personer i St\u00e4llbergsf\u00e4ltet vilket \u00e4ven omfattade Haggruvan. Idag st\u00e5r gruvbyggnaderna och f\u00f6rfaller. Kombinationen &hellip;<\/p>\n<div class=\"wrap-excerpt-more\"><a class=\"excerpt-more\" href=\"https:\/\/www.vonklopp.se\/wordpress\/?p=9\">Read more<\/a><\/div>\n","protected":false},"author":1,"featured_media":0,"comment_status":"open","ping_status":"open","sticky":false,"template":"","format":"standard","meta":{"_monsterinsights_skip_tracking":false,"_monsterinsights_sitenote_active":false,"_monsterinsights_sitenote_note":"","_monsterinsights_sitenote_category":0,"_s2mail":"yes","footnotes":""},"categories":[1],"tags":[],"class_list":["post-9","post","type-post","status-publish","format-standard","hentry","category-det-gar-bra-for-sverige","post--no-featured-image"],"aioseo_notices":[],"_links":{"self":[{"href":"https:\/\/www.vonklopp.se\/wordpress\/index.php?rest_route=\/wp\/v2\/posts\/9","targetHints":{"allow":["GET"]}}],"collection":[{"href":"https:\/\/www.vonklopp.se\/wordpress\/index.php?rest_route=\/wp\/v2\/posts"}],"about":[{"href":"https:\/\/www.vonklopp.se\/wordpress\/index.php?rest_route=\/wp\/v2\/types\/post"}],"author":[{"embeddable":true,"href":"https:\/\/www.vonklopp.se\/wordpress\/index.php?rest_route=\/wp\/v2\/users\/1"}],"replies":[{"embeddable":true,"href":"https:\/\/www.vonklopp.se\/wordpress\/index.php?rest_route=%2Fwp%2Fv2%2Fcomments&post=9"}],"version-history":[{"count":3,"href":"https:\/\/www.vonklopp.se\/wordpress\/index.php?rest_route=\/wp\/v2\/posts\/9\/revisions"}],"predecessor-version":[{"id":3559,"href":"https:\/\/www.vonklopp.se\/wordpress\/index.php?rest_route=\/wp\/v2\/posts\/9\/revisions\/3559"}],"wp:attachment":[{"href":"https:\/\/www.vonklopp.se\/wordpress\/index.php?rest_route=%2Fwp%2Fv2%2Fmedia&parent=9"}],"wp:term":[{"taxonomy":"category","embeddable":true,"href":"https:\/\/www.vonklopp.se\/wordpress\/index.php?rest_route=%2Fwp%2Fv2%2Fcategories&post=9"},{"taxonomy":"post_tag","embeddable":true,"href":"https:\/\/www.vonklopp.se\/wordpress\/index.php?rest_route=%2Fwp%2Fv2%2Ftags&post=9"}],"curies":[{"name":"wp","href":"https:\/\/api.w.org\/{rel}","templated":true}]}}