{"id":947,"date":"2009-05-21T21:56:55","date_gmt":"2009-05-21T19:56:55","guid":{"rendered":"http:\/\/www.vonklopp.se\/wordpress\/?p=947"},"modified":"2013-06-09T13:12:23","modified_gmt":"2013-06-09T11:12:23","slug":"lagerhus","status":"publish","type":"post","link":"https:\/\/www.vonklopp.se\/wordpress\/?p=947","title":{"rendered":"Lagerhus"},"content":{"rendered":"<p><img loading=\"lazy\" decoding=\"async\" class=\" alignnone\" title=\"Lagerhus f\u00f6r spannm\u00e5l\" alt=\"\" src=\"http:\/\/www.vonklopp.se\/images\/lagerhus\/thumbnails\/lagerhus_tn-1.jpg\" width=\"500\" height=\"500\" \/><\/p>\n<p>Under f\u00f6rsta v\u00e4rldskriget beslutades att Sverige skulle lagra spannm\u00e5l och andra f\u00f6rn\u00f6denheter f\u00f6r kristider.\u00a0 9 lagerhus f\u00f6r spannm\u00e5l byggdes i Esl\u00f6v, Klagstorp, Tomelilla, \u00c5storp, Link\u00f6ping, Vara, Eskilstuna, Roma och Hallsberg.<\/p>\n<p>Husen var i stort sett identiska, konstruerade av av Carl Forsell och Erik Hubendick, med exteri\u00f6r ritad av Gunnar Asplund. Byggmaterialet var tr\u00e4 och de 7 v\u00e5ningarna gav en lagringskapacitet p\u00e5 ca 4000 ton. <a class=\"new\" title=\"Erik Hubendick [inte skriven \u00e4n]\" href=\"http:\/\/sv.wikipedia.org\/w\/index.php?title=Erik_Hubendick&amp;action=edit&amp;redlink=1\"><br \/>\n<\/a><\/p>\n<p>Lagerhusen administrerades av den nyinr\u00e4ttade Lager och fryshusstyrelsen. Lantbrukare kunde l\u00e4mna &#8220;torr, v\u00e4lrensad, sotfri samt eljest oskadad spannm\u00e5l&#8221; i m\u00e4ngder om 100kg och upp\u00e5t.<\/p>\n<p>Sedan den eviga freden br\u00f6t ut p\u00e5 90-talet har beredskapslagren av olja, mat och andra f\u00f6rn\u00f6denheter avvecklats. \u00c4ven lagerhusen blev \u00f6verfl\u00f6diga och har g\u00e5tt olika \u00f6den till m\u00f6tes. Anl\u00e4ggningen i Vara anv\u00e4nds fortfrarande.\u00a0 Resten har rivits, brunnit eller som i Esl\u00f6v blivit bost\u00e4der.<\/p>\n<p><em>Building for grain storage, built during the first world war.<br \/>\n<\/em><\/p>\n<p>Views: 24<\/p>","protected":false},"excerpt":{"rendered":"<p>Under f\u00f6rsta v\u00e4rldskriget beslutades att Sverige skulle lagra spannm\u00e5l och andra f\u00f6rn\u00f6denheter f\u00f6r kristider.\u00a0 9 lagerhus f\u00f6r spannm\u00e5l byggdes i Esl\u00f6v, Klagstorp, Tomelilla, \u00c5storp, Link\u00f6ping, Vara, Eskilstuna, Roma och Hallsberg. Husen var i stort sett identiska, konstruerade av av Carl Forsell och Erik Hubendick, med exteri\u00f6r ritad av Gunnar Asplund. &hellip;<\/p>\n<div class=\"wrap-excerpt-more\"><a class=\"excerpt-more\" href=\"https:\/\/www.vonklopp.se\/wordpress\/?p=947\">Read more<\/a><\/div>\n","protected":false},"author":1,"featured_media":0,"comment_status":"open","ping_status":"open","sticky":false,"template":"","format":"standard","meta":{"_monsterinsights_skip_tracking":false,"_monsterinsights_sitenote_active":false,"_monsterinsights_sitenote_note":"","_monsterinsights_sitenote_category":0,"_s2mail":"yes","footnotes":""},"categories":[1,142],"tags":[192,193,191,5,42,108],"class_list":["post-947","post","type-post","status-publish","format-standard","hentry","category-det-gar-bra-for-sverige","category-industrikultur","tag-beredskap","tag-hallsberg","tag-lagerhus","tag-overgivet","tag-silo","tag-spannmal","post--no-featured-image"],"aioseo_notices":[],"_links":{"self":[{"href":"https:\/\/www.vonklopp.se\/wordpress\/index.php?rest_route=\/wp\/v2\/posts\/947","targetHints":{"allow":["GET"]}}],"collection":[{"href":"https:\/\/www.vonklopp.se\/wordpress\/index.php?rest_route=\/wp\/v2\/posts"}],"about":[{"href":"https:\/\/www.vonklopp.se\/wordpress\/index.php?rest_route=\/wp\/v2\/types\/post"}],"author":[{"embeddable":true,"href":"https:\/\/www.vonklopp.se\/wordpress\/index.php?rest_route=\/wp\/v2\/users\/1"}],"replies":[{"embeddable":true,"href":"https:\/\/www.vonklopp.se\/wordpress\/index.php?rest_route=%2Fwp%2Fv2%2Fcomments&post=947"}],"version-history":[{"count":8,"href":"https:\/\/www.vonklopp.se\/wordpress\/index.php?rest_route=\/wp\/v2\/posts\/947\/revisions"}],"predecessor-version":[{"id":4218,"href":"https:\/\/www.vonklopp.se\/wordpress\/index.php?rest_route=\/wp\/v2\/posts\/947\/revisions\/4218"}],"wp:attachment":[{"href":"https:\/\/www.vonklopp.se\/wordpress\/index.php?rest_route=%2Fwp%2Fv2%2Fmedia&parent=947"}],"wp:term":[{"taxonomy":"category","embeddable":true,"href":"https:\/\/www.vonklopp.se\/wordpress\/index.php?rest_route=%2Fwp%2Fv2%2Fcategories&post=947"},{"taxonomy":"post_tag","embeddable":true,"href":"https:\/\/www.vonklopp.se\/wordpress\/index.php?rest_route=%2Fwp%2Fv2%2Ftags&post=947"}],"curies":[{"name":"wp","href":"https:\/\/api.w.org\/{rel}","templated":true}]}}